{"id":105454,"date":"2025-10-10T19:53:07","date_gmt":"2025-10-10T19:53:07","guid":{"rendered":"https:\/\/www.europesays.com\/pt\/105454\/"},"modified":"2025-10-10T19:53:07","modified_gmt":"2025-10-10T19:53:07","slug":"as-eleicoes-na-freguesia-com-menos-eleitores-do-continente-observador","status":"publish","type":"post","link":"https:\/\/www.europesays.com\/pt\/105454\/","title":{"rendered":"As elei\u00e7\u00f5es na freguesia com menos eleitores do continente &#8211; Observador"},"content":{"rendered":"<ol>\n<li><a href=\"https:\/\/news.google.com\/rss\/articles\/CBMi-gFBVV95cUxOM0ExdmJESFlvSm5VTzk1MmZPNVhxN19reUxpOWJjR1BZb3ZPTE53Wm9IaDZyQ1ZpZTlENkEyTGJTZWI2MTNpYzRzZEx3QnphYUtCWWEwajhuako0SDVlVVdKRHk0c1Q5WWUxYkNxLUFRV2JJcUF5UnhySUh0NHZZZjEteDJkTHRYRFR0aUxmdElHWDByVmswVzZvdWx3LWdOSW9Ud1FlTlU3ZUlCQU1id0w1YkFEUFBkWVd3eFZjR09JQV9NWDI1cnZRYk1xaklsWnVHNUs5dHRXOHRfcXRmeUU5NEhsYi01bE1tSzE1bFRCRjdNQzRJc1Zn?oc=5\" target=\"_blank\" rel=\"nofollow noopener\">As elei\u00e7\u00f5es na freguesia com menos eleitores do continente<\/a>&nbsp;&nbsp;Observador<\/li>\n<li><a href=\"https:\/\/news.google.com\/rss\/articles\/CBMiyAFBVV95cUxQVzRyWERZN0ItWUt3X3BXZlgwTzF3dnNkaDVFcVdFd0RvZlhwdnM5eTRVZ3BqaEQxZFBIck5OMm9RN3doTFdhb0ZtMElVMlZ6X1NWZmFpRDhmQ3FCcFBxOUNzLXJUTnhGZE5Ha1ZfdUJreFRJUnhwUXFMRDhLb1dDTUx3R2dfSnpKc3FoY1JUaE5tQWRNajM2REc4Z3FvcU9EMUE2UTVISUlNN0ZpQkxwcDJoR2FqclJYdldfRE9EWGNad3R5c2ZtNw?oc=5\" target=\"_blank\" rel=\"nofollow noopener\">Aut\u00e1rquicas: 37 freguesias j\u00e1 t\u00eam vencedores garantidos e quatro novos presidentes de c\u00e2mara certos<\/a>&nbsp;&nbsp;Jornal do Centro<\/li>\n<li><a href=\"https:\/\/news.google.com\/rss\/articles\/CBMi0gFBVV95cUxPZjdwZDF2NmlxNGZXUFd5UTNoZ3lMMnRwdTRXVldMVk0xbXJZNngtZFNia2swNy1LWnpFWDAzZFJmNUVLUG9EOUJ0elFvam4wc1JLYW5CaXIzSUJZR3M4RUdrQ09yWk1rd1pHN0NyQjItbzhvUDJPZk5pTjhQWVVScnpyS2FwNkxuZzBTeThrM0Jtd0VCeVkzT3RaS1h5RHNNQ0lxMUpnNXh2NHg0YXpJVjBsTHFKVlp3YU5laVBCWl9yZnEwRjRZcnFQWGFhSWo5d3c?oc=5\" target=\"_blank\" rel=\"nofollow noopener\">Domingo \u201cVote\u201d no Not\u00edcias do Sorraia e seja o primeiro a saber os resultados das elei\u00e7\u00f5es<\/a>&nbsp;&nbsp;SAPO<\/li>\n<li><a href=\"https:\/\/news.google.com\/rss\/articles\/CBMimAFBVV95cUxPUDVZQ1FxVGFwdEp6cDJLMkRnWTUzaURzWkxybFdUVjZ4b0ZBZ2gzaVhCdDJsakRzcS1CalNyU1RZMVJVTVBHbDJqSmpMZnVqM3RsQldTTlhWaGMxdXNDMU9yQlFTNWxMUE5EZzNjYUZnTzhDeFdWTGo3NnJHZlpWejByc0tJVlo3bVRLUjdsT2xwR0o0WllILQ?oc=5\" target=\"_blank\" rel=\"nofollow noopener\">Plen\u00e1rios de cidad\u00e3os elegem composi\u00e7\u00e3o de 37 juntas<\/a>&nbsp;&nbsp;Correio da Manh\u00e3<\/li>\n<li><a href=\"https:\/\/news.google.com\/rss\/articles\/CBMilAJBVV95cUxNTnBvdktrbFdKRjVtUUxkRVo5a19sNnpmYld3NW9YMnY0MWszcDJ6Z1QwMEQ4VXpIMkd3Szd1QXRIeXBydERheUZjTURoeEctNkpZQ1p6X2plQzRJSThBRENkek94bUI4TkxldjExSjZfREtnaUU2NUk0QW43LW5CMWNXbkdfd2oweno1T3FiZ2ZEaU9OU3RUUTZDZVRwOHFBQldJaENxWjUtRUczVjZNT1JPWW16c1RCcHdWcXd6V0V0Wk1YQ0xJQlZPcFZlZmtxZjI4VHdWZl8xS3liR25TVHAwckxYV0ppRXd2dmRJaGdGS19rRlJGWmN5cE96ZnJQN1JNSzcyY0k4X1l4VmdLRHBjM0Y?oc=5\" target=\"_blank\" rel=\"nofollow noopener\">Tour\u00e9m ganhou eleitores, mas j\u00e1 n\u00e3o foi a tempo e vai ter de escolher a junta em plen\u00e1rio: &#8220;Ningu\u00e9m sabia explicar&#8221;<\/a>&nbsp;&nbsp;Expresso<\/li>\n<\/ol>\n","protected":false},"excerpt":{"rendered":"As elei\u00e7\u00f5es na freguesia com menos eleitores do continente&nbsp;&nbsp;Observador Aut\u00e1rquicas: 37 freguesias j\u00e1 t\u00eam vencedores garantidos e quatro&hellip;\n","protected":false},"author":2,"featured_media":99287,"comment_status":"","ping_status":"","sticky":false,"template":"","format":"standard","meta":{"footnotes":""},"categories":[10],"tags":[27,28,15,16,14,25,26,21,22,12,13,19,20,32,23,24,33,17,18,29,30,31],"class_list":{"0":"post-105454","1":"post","2":"type-post","3":"status-publish","4":"format-standard","5":"has-post-thumbnail","7":"category-portugal","8":"tag-breaking-news","9":"tag-breakingnews","10":"tag-featured-news","11":"tag-featurednews","12":"tag-headlines","13":"tag-latest-news","14":"tag-latestnews","15":"tag-main-news","16":"tag-mainnews","17":"tag-news","18":"tag-noticias","19":"tag-noticias-principais","20":"tag-noticiasprincipais","21":"tag-portugal","22":"tag-principais-noticias","23":"tag-principaisnoticias","24":"tag-pt","25":"tag-top-stories","26":"tag-topstories","27":"tag-ultimas","28":"tag-ultimas-noticias","29":"tag-ultimasnoticias"},"share_on_mastodon":{"url":"","error":""},"_links":{"self":[{"href":"https:\/\/www.europesays.com\/pt\/wp-json\/wp\/v2\/posts\/105454","targetHints":{"allow":["GET"]}}],"collection":[{"href":"https:\/\/www.europesays.com\/pt\/wp-json\/wp\/v2\/posts"}],"about":[{"href":"https:\/\/www.europesays.com\/pt\/wp-json\/wp\/v2\/types\/post"}],"author":[{"embeddable":true,"href":"https:\/\/www.europesays.com\/pt\/wp-json\/wp\/v2\/users\/2"}],"replies":[{"embeddable":true,"href":"https:\/\/www.europesays.com\/pt\/wp-json\/wp\/v2\/comments?post=105454"}],"version-history":[{"count":0,"href":"https:\/\/www.europesays.com\/pt\/wp-json\/wp\/v2\/posts\/105454\/revisions"}],"wp:featuredmedia":[{"embeddable":true,"href":"https:\/\/www.europesays.com\/pt\/wp-json\/wp\/v2\/media\/99287"}],"wp:attachment":[{"href":"https:\/\/www.europesays.com\/pt\/wp-json\/wp\/v2\/media?parent=105454"}],"wp:term":[{"taxonomy":"category","embeddable":true,"href":"https:\/\/www.europesays.com\/pt\/wp-json\/wp\/v2\/categories?post=105454"},{"taxonomy":"post_tag","embeddable":true,"href":"https:\/\/www.europesays.com\/pt\/wp-json\/wp\/v2\/tags?post=105454"}],"curies":[{"name":"wp","href":"https:\/\/api.w.org\/{rel}","templated":true}]}}