{"id":105467,"date":"2025-10-10T20:04:09","date_gmt":"2025-10-10T20:04:09","guid":{"rendered":"https:\/\/www.europesays.com\/pt\/105467\/"},"modified":"2025-10-10T20:04:09","modified_gmt":"2025-10-10T20:04:09","slug":"oficial-eleicoes-do-benfica-sete-candidatura-apresentadas","status":"publish","type":"post","link":"https:\/\/www.europesays.com\/pt\/105467\/","title":{"rendered":"Oficial elei\u00e7\u00f5es do Benfica: sete candidatura apresentadas"},"content":{"rendered":"<p>A Mesa da Assembleia Geral do <a class=\"autolink-enabled\" data-resource-id=\"450\" data-resource-type=\"team\" data-sport=\"football\" href=\"https:\/\/www.abola.pt\/futebol\/benfica-450\" rel=\"nofollow noopener\" target=\"_blank\">Benfica<\/a> informou, em comunicado, que recebeu sete listas candidatas aos \u00f3rg\u00e3os sociais para as elei\u00e7\u00f5es de 25 de outubro, seguindo-se agora a verifica\u00e7\u00e3o da conformidade das mesmas antes da publica\u00e7\u00e3o das listas e dos candidatos.<\/p>\n<p>Finalizado o prazo de apresenta\u00e7\u00e3o das candidaturas aos \u00d3rg\u00e3os Sociais do\u00a0Sport Lisboa e Benfica\u00a0e \u00e0 Comiss\u00e3o de Remunera\u00e7\u00f5es, a Mesa da Assembleia Geral comunica o seguinte:<br \/>1.\u00ba Foram entregues\u00a07 listas aos \u00d3rg\u00e3os Sociais do Sport Lisboa e Benfica\u00a0\u2013 apresentadas pelos s\u00f3cios Jo\u00e3o Ferreira Leite (Mesa), Martim Mayer (todos os \u00d3rg\u00e3os), Jo\u00e3o Diogo Manteigas (Dire\u00e7\u00e3o e Conselho Fiscal), Crist\u00f3v\u00e3o Carvalho (Dire\u00e7\u00e3o), Lu\u00eds Filipe Vieira (todos os \u00d3rg\u00e3os), Jo\u00e3o Noronha Lopes (todos os \u00d3rg\u00e3os) e Rui Costa (todos os \u00d3rg\u00e3os);<br \/>2.\u00ba \u00c0\u00a0Comiss\u00e3o de Remunera\u00e7\u00f5es\u00a0foram apresentadas, ainda,\u00a04 listas, associadas \u00e0s candidaturas de Martim Mayer, Lu\u00eds Filipe Vieira, Jo\u00e3o Noronha Lopes e Rui Costa.<br \/>3.\u00ba \u2060\u2060Assim que for\u00a0verificada a regularidade das mesmas\u00a0e, ou, a corre\u00e7\u00e3o de eventuais v\u00edcios ou erros materiais, a Mesa da Assembleia Geral publicar\u00e1 as Listas, os candidatos e os procedimentos estatut\u00e1rios subsequentes, dando-se in\u00edcio \u00e0 campanha.<\/p>\n","protected":false},"excerpt":{"rendered":"A Mesa da Assembleia Geral do Benfica informou, em comunicado, que recebeu sete listas candidatas aos \u00f3rg\u00e3os sociais&hellip;\n","protected":false},"author":2,"featured_media":91858,"comment_status":"","ping_status":"","sticky":false,"template":"","format":"standard","meta":{"footnotes":""},"categories":[87],"tags":[135,32,33,134],"class_list":{"0":"post-105467","1":"post","2":"type-post","3":"status-publish","4":"format-standard","5":"has-post-thumbnail","7":"category-desporto","8":"tag-desporto","9":"tag-portugal","10":"tag-pt","11":"tag-sports"},"share_on_mastodon":{"url":"","error":""},"_links":{"self":[{"href":"https:\/\/www.europesays.com\/pt\/wp-json\/wp\/v2\/posts\/105467","targetHints":{"allow":["GET"]}}],"collection":[{"href":"https:\/\/www.europesays.com\/pt\/wp-json\/wp\/v2\/posts"}],"about":[{"href":"https:\/\/www.europesays.com\/pt\/wp-json\/wp\/v2\/types\/post"}],"author":[{"embeddable":true,"href":"https:\/\/www.europesays.com\/pt\/wp-json\/wp\/v2\/users\/2"}],"replies":[{"embeddable":true,"href":"https:\/\/www.europesays.com\/pt\/wp-json\/wp\/v2\/comments?post=105467"}],"version-history":[{"count":0,"href":"https:\/\/www.europesays.com\/pt\/wp-json\/wp\/v2\/posts\/105467\/revisions"}],"wp:featuredmedia":[{"embeddable":true,"href":"https:\/\/www.europesays.com\/pt\/wp-json\/wp\/v2\/media\/91858"}],"wp:attachment":[{"href":"https:\/\/www.europesays.com\/pt\/wp-json\/wp\/v2\/media?parent=105467"}],"wp:term":[{"taxonomy":"category","embeddable":true,"href":"https:\/\/www.europesays.com\/pt\/wp-json\/wp\/v2\/categories?post=105467"},{"taxonomy":"post_tag","embeddable":true,"href":"https:\/\/www.europesays.com\/pt\/wp-json\/wp\/v2\/tags?post=105467"}],"curies":[{"name":"wp","href":"https:\/\/api.w.org\/{rel}","templated":true}]}}