{"id":105470,"date":"2025-10-10T20:06:09","date_gmt":"2025-10-10T20:06:09","guid":{"rendered":"https:\/\/www.europesays.com\/pt\/105470\/"},"modified":"2025-10-10T20:06:09","modified_gmt":"2025-10-10T20:06:09","slug":"depois-de-nick-cave-the-bad-seeds-nos-alive-anuncia-novo-cabeca-de-cartaz-para-2026","status":"publish","type":"post","link":"https:\/\/www.europesays.com\/pt\/105470\/","title":{"rendered":"Depois de Nick Cave &#038; The Bad Seeds, NOS Alive anuncia novo cabe\u00e7a de cartaz para 2026"},"content":{"rendered":"<p style=\"text-align: justify;\"><a href=\"https:\/\/www.magazine-hd.com\/apps\/wp\/florence-the-machine-nos-alive-2022\/\" rel=\"nofollow noopener\" target=\"_blank\">Florence + The Machine<\/a> \u00e9 agora uma das grandes atra\u00e7\u00f5es j\u00e1 confirmadas para o NOS Alive 2026, regressando a Portugal para atuar no \u00faltimo dia do festival, 11 de julho, no <a href=\"https:\/\/www.magazine-hd.com\/apps\/wp\/nick-cave-portugal-nos-alive-2026\/\" rel=\"nofollow noopener\" target=\"_blank\">Passeio Mar\u00edtimo de Alg\u00e9s<\/a>, em Lisboa. O an\u00fancio gerou entusiasmo entre f\u00e3s portugueses, que j\u00e1 esperam assim por uma das performances ao vivo mais arrebatadoras, por parte de Florence Welch e da sua banda.<\/p>\n<p>Florence + The Machine com novo disco no NOS Alive 2026<\/p>\n<p style=\"text-align: justify;\">Florence Welch traz na bagagem o seu sexto \u00e1lbum de est\u00fadio, \u201cEverybody Scream\u201d, cujo lan\u00e7amento oficial est\u00e1 marcado para 31 de outubro de 2025. O disco marca uma nova fase na carreira da artista, abordando temas como a feminilidade, morte, envelhecimento e rela\u00e7\u00f5es, num universo onde o misticismo espiritual, a bruxaria e o horror folcl\u00f3rico ganham destaque. Escrita e produzida ao longo de dois anos, a obra contou com colabora\u00e7\u00f5es especiais de Mark Bowen (IDLES), Aaron Dessner e Mitski.<\/p>\n<p style=\"text-align: justify;\">Em 2023, Florence Welch passou por uma cirurgia que interrompeu a digress\u00e3o do \u00e1lbum anterior, \u201cDance Fever\u201d. Ap\u00f3s recupera\u00e7\u00e3o, regressou aos palcos num percurso de profunda transforma\u00e7\u00e3o pessoal e art\u00edstica, explorando os limites do corpo e o conceito de cura emocional. Os f\u00e3s poder\u00e3o ouvir ao vivo os novos temas que refletem este per\u00edodo de introspe\u00e7\u00e3o, marcando um regresso aguardado ao NOS Alive.<\/p>\n<p style=\"text-align: justify;\">Florence + The Machine consolidaram-se como uma das grandes bandas da sua gera\u00e7\u00e3o, com cinco \u00e1lbuns anteriores: \u201cLungs\u201d, \u201cCeremonials\u201d, \u201cHow Big, How Blue, How Beautiful\u201d, \u201cHigh As Hope\u201d e \u201cDance Fever\u201d, atingindo tops de vendas em mercados como Estados Unidos e Reino Unido e acumulando in\u00fameros pr\u00e9mios.<\/p>\n<p style=\"text-align: justify;\">Conhecida pelas apresenta\u00e7\u00f5es energ\u00e9ticas e pela voz \u00edmpar, Florence Welch j\u00e1 lotou salas e liderou cartazes de festivais internacionais. J\u00e1 colaborou tamb\u00e9m com nomes como The Rolling Stones, Lady Gaga e <a href=\"https:\/\/www.magazine-hd.com\/apps\/wp\/taylor-swift-the-life-of-a-showgirl-super-bowl\/\" rel=\"nofollow noopener\" target=\"_blank\">Taylor Swift<\/a>.<\/p>\n<p>Qual \u00e9 a line-up do festival at\u00e9 agora?<br \/>\n<img loading=\"lazy\" decoding=\"async\" class=\"size-full wp-image-267049\" src=\"data:image\/svg+xml,%3Csvg%20xmlns=\" http:=\"\" alt=\"NOS Alive\" width=\"728\" height=\"385\" data-lazy- data-lazy- data-lazy-src=\"https:\/\/www.europesays.com\/pt\/wp-content\/uploads\/2025\/10\/nos-alive-2.jpg\"\/>O cen\u00e1rio do Palco NOS, palco principal do festival NOS Alive<\/p>\n<p style=\"text-align: justify;\">Al\u00e9m de Florence + The Machine, o NOS Alive 2026 j\u00e1 confirmou atua\u00e7\u00f5es de Buraka Som Sistema e de Nick Cave &amp; The Bad Seeds. Est\u00e1 a provar-se uma edi\u00e7\u00e3o com diversidade e peso do cartaz musical. Os bilhetes est\u00e3o dispon\u00edveis, com pre\u00e7os que variam entre 84\u20ac para o passe di\u00e1rio e at\u00e9 199\u20ac para o passe geral de tr\u00eas dias.<\/p>\n<p style=\"text-align: justify;\">O festival decorre nos dias 9, 10 e 11 de julho, mantendo-se como um dos maiores eventos musicais europeus.<\/p>\n<p style=\"text-align: justify;\">O regresso de Florence + The Machine promete uma noite memor\u00e1vel, onde ser\u00e3o apresentados temas novos e sucessos marcantes. O Palco NOS, j\u00e1 habituado a receber artistas de refer\u00eancia mundial, como Nine Inch Nails, Arctic Monkeys, e in\u00fameros outros grandes nomes da m\u00fasica ao longo dos anos, ser\u00e1 o grande cen\u00e1rio para o espet\u00e1culo de Florence + The Machine, que combina espiritualidade, teatralidade e emo\u00e7\u00e3o.<\/p>\n<p style=\"text-align: justify;\"><strong>\u00c9s f\u00e3 de Florence + The Machine? Planeias ir ao NOS Alive 2026?<\/strong><\/p>\n<p>\n        About The Author<\/p>\n<p>                <a href=\"https:\/\/www.magazine-hd.com\/apps\/wp\/author\/pserafim\/\" rel=\"nofollow noopener\" target=\"_blank\"><img loading=\"lazy\" decoding=\"async\" alt=\"\" src=\"data:image\/svg+xml,%3Csvg%20xmlns=\" http:=\"\" data-lazy- class=\"avatar avatar-150 photo\" height=\"150\" width=\"150\" itemprop=\"image\" data-lazy-src=\"https:\/\/www.europesays.com\/pt\/wp-content\/uploads\/2025\/10\/baed7ebb4e82dd161fb7577ed7d9aaa7595eb75e18c7a052e003899c61ffb3ac\"\/><\/a><\/p>\n<p>                    <a href=\"https:\/\/www.magazine-hd.com\/apps\/wp\/author\/pserafim\/\" rel=\"nofollow noopener\" target=\"_blank\">Pedro Serafim<\/a><\/p>\n<p>Licenciado em Cultura e Comunica\u00e7\u00e3o, com especializa\u00e7\u00e3o em Jornalismo. Formado em Ensino de Ingl\u00eas. Sempre curioso sobre filmes e m\u00fasica de qualquer g\u00e9nero e forma e ansioso por descobrir mais. Amante de m\u00fasica ao vivo e defensor de salas de cinema.<\/p>\n<p>\t\t<\/p>\n","protected":false},"excerpt":{"rendered":"Florence + The Machine \u00e9 agora uma das grandes atra\u00e7\u00f5es j\u00e1 confirmadas para o NOS Alive 2026, regressando&hellip;\n","protected":false},"author":2,"featured_media":105471,"comment_status":"","ping_status":"","sticky":false,"template":"","format":"standard","meta":{"footnotes":""},"categories":[85],"tags":[114,115,25355,9168,22555,22557,25356,25357,32,33],"class_list":{"0":"post-105470","1":"post","2":"type-post","3":"status-publish","4":"format-standard","5":"has-post-thumbnail","7":"category-entretenimento","8":"tag-entertainment","9":"tag-entretenimento","10":"tag-everybody-scream","11":"tag-festivais-de-verao","12":"tag-florence-the-machine","13":"tag-florence-welch","14":"tag-nos-alive","15":"tag-nos-alive-2026","16":"tag-portugal","17":"tag-pt"},"share_on_mastodon":{"url":"","error":""},"_links":{"self":[{"href":"https:\/\/www.europesays.com\/pt\/wp-json\/wp\/v2\/posts\/105470","targetHints":{"allow":["GET"]}}],"collection":[{"href":"https:\/\/www.europesays.com\/pt\/wp-json\/wp\/v2\/posts"}],"about":[{"href":"https:\/\/www.europesays.com\/pt\/wp-json\/wp\/v2\/types\/post"}],"author":[{"embeddable":true,"href":"https:\/\/www.europesays.com\/pt\/wp-json\/wp\/v2\/users\/2"}],"replies":[{"embeddable":true,"href":"https:\/\/www.europesays.com\/pt\/wp-json\/wp\/v2\/comments?post=105470"}],"version-history":[{"count":0,"href":"https:\/\/www.europesays.com\/pt\/wp-json\/wp\/v2\/posts\/105470\/revisions"}],"wp:featuredmedia":[{"embeddable":true,"href":"https:\/\/www.europesays.com\/pt\/wp-json\/wp\/v2\/media\/105471"}],"wp:attachment":[{"href":"https:\/\/www.europesays.com\/pt\/wp-json\/wp\/v2\/media?parent=105470"}],"wp:term":[{"taxonomy":"category","embeddable":true,"href":"https:\/\/www.europesays.com\/pt\/wp-json\/wp\/v2\/categories?post=105470"},{"taxonomy":"post_tag","embeddable":true,"href":"https:\/\/www.europesays.com\/pt\/wp-json\/wp\/v2\/tags?post=105470"}],"curies":[{"name":"wp","href":"https:\/\/api.w.org\/{rel}","templated":true}]}}