{"id":105476,"date":"2025-10-10T20:10:28","date_gmt":"2025-10-10T20:10:28","guid":{"rendered":"https:\/\/www.europesays.com\/pt\/105476\/"},"modified":"2025-10-10T20:10:28","modified_gmt":"2025-10-10T20:10:28","slug":"eis-o-tempo-para-os-dias-entre-13-e-15-de-outubro","status":"publish","type":"post","link":"https:\/\/www.europesays.com\/pt\/105476\/","title":{"rendered":"eis o tempo para os dias entre 13 e 15 de outubro"},"content":{"rendered":"<p> <img decoding=\"async\" fetchpriority=\"high\" src=\"https:\/\/www.europesays.com\/pt\/wp-content\/uploads\/2025\/10\/dailymotion-x9rxnqw_1024.jpg\"  width=\"768\" height=\"432\" id=\"x9rxnqw\"\/>  <\/p>\n<p>Portugal continental est\u00e1 a experimentar temperaturas m\u00e1ximas acima da m\u00e9dia em boa parte do pa\u00eds. Esta tend\u00eancia dever\u00e1 permanecer, pelo menos, at\u00e9 dia 15 de outubro.<\/p>\n<p>    <img decoding=\"async\" fetchpriority=\"high\" src=\"https:\/\/www.europesays.com\/pt\/wp-content\/uploads\/2025\/08\/joana-campos.jpg\" alt=\"Joana Campos\" width=\"40\" height=\"40\"\/>    <a class=\"nombre text-hv\" href=\"https:\/\/www.tempo.pt\/autor\/joana-campos\/\" title=\"Joana Campos\" rel=\"nofollow noopener\" target=\"_blank\">Joana Campos<\/a>        10\/10\/2025 13:02   4 min   <\/p>\n<p>Depois de um fim de semana que se espera <strong>bastante agrad\u00e1vel do ponto de vista t\u00e9rmico<\/strong>, o arranque da pr\u00f3xima semana continuar\u00e1 com esse mote. Ainda que no <strong>domingo se esperem alguns per\u00edodos de instabilidade<\/strong>, com a presen\u00e7a de nebulosidade e possibilidade de chuva fraca e at\u00e9 mesmo de trovoada, esta dissipar-se-\u00e1 gradualmente.<\/p>\n<p>Seja o primeiro a receber as previs\u00f5es gra\u00e7as ao <strong><a href=\"https:\/\/www.whatsapp.com\/channel\/0029VaxX6njIyPtRY4lOMd1b\" target=\"_blank\" rel=\"nofollow noopener\">nosso canal do WhatsApp<\/a><\/strong>. Siga-nos e ative as notifica\u00e7\u00f5es.<\/p>\n<p>Para segunda-feira, dia 13 de outubro, <strong>n\u00e3o se descarta a possibilidade de chuva fraca e dispersa na faixa litoral Norte<\/strong>, segundo a mais recente atualiza\u00e7\u00e3o dos nossos mapas, no entanto, esta dever\u00e1 desvanecer rapidamente, dando lugar a dias secos e soalheiros.<\/p>\n<p>Semana arranca geralmente seca e soalheira<\/p>\n<p>Apesar da possibilidade de alguma chuva fraca, como j\u00e1 referimos e como podemos observar abaixo, <strong>o dia de segunda-feira ser\u00e1 geralmente seco e soalheiro<\/strong>, podendo contar com algumas nuvens altas.<\/p>\n<p><img loading=\"lazy\" decoding=\"async\" fetchpriority=\"low\" class=\"lazy \" src=\"https:\/\/www.europesays.com\/pt\/wp-content\/uploads\/2025\/10\/antes-de-uma-possivel-mudanca-as-temperaturas-voltam-a-aumentar-eis-o-tempo-para-os-dias-entre-13-e-.png\"  width=\"768\" height=\"432\" alt=\"chuva prevista\" title=\"chuva prevista\" data-image=\"nuj7by8wms34\"\/>Ao in\u00edcio da tarde esperam-se alguns aguaceiros fracos no noroeste do pa\u00eds, assim como na zona de Aveiro.<\/p>\n<p> Em rela\u00e7\u00e3o \u00e0s temperaturas m\u00e1ximas, esperam-se valores entre os 21 \u00baC em Viana do Castelo e os 30 \u00baC em Lisboa. <strong>\u00c0 noite, nas \u00faltimas horas do dia, ainda se poder\u00e3o registar at\u00e9 24 \u00baC na regi\u00e3o de Lisboa<\/strong> e at\u00e9 22 \u00baC em \u00c9vora e Beja. <\/p>\n<p>Os term\u00f3metros voltam a aumentar na ter\u00e7a e na quarta-feira<\/p>\n<p>Ter\u00e7a-feira poder\u00e1 contar com uma maior nebulosidade face a segunda-feira, ainda que n\u00e3o haja previs\u00e3o de precipita\u00e7\u00e3o. No entanto, <strong>as temperaturas m\u00e1ximas poder\u00e3o aumentar tamb\u00e9m face ao dia anterior<\/strong>.<\/p>\n<p>Desta forma, <strong>esperam-se valores entre os 21 \u00baC<\/strong> em Viana do Castelo <strong>e os 30 \u00baC<\/strong> em Lisboa, ainda que v\u00e1rias cidades de Norte a Sul possam chegar a este valor. A faixa litoral poder\u00e1 registar valores mais elevados do que a faixa interior.<\/p>\n<p><img loading=\"lazy\" decoding=\"async\" fetchpriority=\"low\" class=\"lazy \" src=\"https:\/\/www.europesays.com\/pt\/wp-content\/uploads\/2025\/10\/1760127027_58_antes-de-uma-possivel-mudanca-as-temperaturas-voltam-a-aumentar-eis-o-tempo-para-os-dias-entre-13-e-.png\"  width=\"768\" height=\"432\" alt=\"anomalia t\u00e9rmica\" title=\"anomalia t\u00e9rmica\" data-image=\"ckazc5zdim3a\"\/>Na pr\u00f3xima quarta-feira, dia 15, registar-se-\u00e3o valores de anomalia t\u00e9rmica bastante elevados para a \u00e9poca do ano.<\/p>\n<p><strong>Quarta-feira poder\u00e1 ser um dos dias mais quentes da semana<\/strong>, tendo em conta que se poder\u00e1 registar um novo aumento generalizado dos valores de temperatura m\u00e1xima. Para al\u00e9m disto, contar\u00e1 com alguma nebulosidade vari\u00e1vel ao longo do dia.<\/p>\n<p>Para esse dia, 15 de outubro, espera-se uma <strong>oscila\u00e7\u00e3o entre os 21 \u00baC<\/strong> em Viana do Castelo <strong>e os 30 \u00baC <\/strong>em Coimbra e Santar\u00e9m. A n\u00edvel local, especialmente no Ribatejo e Alto Alentejo, <strong>os term\u00f3metros poder\u00e3o registar at\u00e9 31 \u00baC<\/strong>.<\/p>\n<p><a class=\"imagen \" href=\"https:\/\/www.tempo.pt\/noticias\/previsao\/temperaturas-aumentam-e-chuva-pode-regressar-a-portugal-entre-os-dias-9-e-13-de-outubro-eis-as-zonas-afetadas.html\" title=\"Temperaturas aumentam e chuva pode regressar a Portugal entre os dias 9 e 13 de outubro: eis as zonas afetadas!\" rel=\"nofollow noopener\" target=\"_blank\"><img loading=\"lazy\" decoding=\"async\" fetchpriority=\"low\" class=\"lazy img-body non-editable\" src=\"https:\/\/www.europesays.com\/pt\/wp-content\/uploads\/2025\/10\/1760091272_654_temperaturas-aumentam-e-chuva-pode-regressar-a-portugal-entre-os-dias-9-e-13-de-outubro-eis-as-zonas.jpeg\"  width=\"320\" height=\"225\" alt=\"Temperaturas aumentam e chuva pode regressar a Portugal entre os dias 9 e 13 de outubro: eis as zonas afetadas!\"\/><\/a><\/p>\n<p>Este aumento de temperatura, como podemos verificar no mapa acima, vai <strong>aumentar os valores de anomalia t\u00e9rmica, sendo que a maior parte da nossa geografia continental apresentar\u00e1 valores at\u00e9 9 \u00baC acima<\/strong> da normal climatol\u00f3gica.<\/p>\n<p>No entanto, conseguimos ver que o <strong>anticiclone come\u00e7ar\u00e1 a enfraquecer, podendo, assim, permitir a chegada de alguma instabilidade nos dias seguintes<\/strong>. Contudo, aconselhamos que se mantenha atento \u00e0s nossas atualiza\u00e7\u00f5es di\u00e1rias.<\/p>\n","protected":false},"excerpt":{"rendered":"Portugal continental est\u00e1 a experimentar temperaturas m\u00e1ximas acima da m\u00e9dia em boa parte do pa\u00eds. Esta tend\u00eancia dever\u00e1&hellip;\n","protected":false},"author":2,"featured_media":105477,"comment_status":"","ping_status":"","sticky":false,"template":"","format":"standard","meta":{"footnotes":""},"categories":[10],"tags":[7807,8427,27,28,15,16,14,25,26,21,22,606,12,13,19,20,7562,32,4834,23,24,33,7806,17,18,29,30,31],"class_list":{"0":"post-105476","1":"post","2":"type-post","3":"status-publish","4":"format-standard","5":"has-post-thumbnail","7":"category-portugal","8":"tag-anomalia-termica","9":"tag-anticiclone","10":"tag-breaking-news","11":"tag-breakingnews","12":"tag-featured-news","13":"tag-featurednews","14":"tag-headlines","15":"tag-latest-news","16":"tag-latestnews","17":"tag-main-news","18":"tag-mainnews","19":"tag-meteorologia","20":"tag-news","21":"tag-noticias","22":"tag-noticias-principais","23":"tag-noticiasprincipais","24":"tag-outono","25":"tag-portugal","26":"tag-previsao-tempo","27":"tag-principais-noticias","28":"tag-principaisnoticias","29":"tag-pt","30":"tag-temperatura","31":"tag-top-stories","32":"tag-topstories","33":"tag-ultimas","34":"tag-ultimas-noticias","35":"tag-ultimasnoticias"},"share_on_mastodon":{"url":"","error":""},"_links":{"self":[{"href":"https:\/\/www.europesays.com\/pt\/wp-json\/wp\/v2\/posts\/105476","targetHints":{"allow":["GET"]}}],"collection":[{"href":"https:\/\/www.europesays.com\/pt\/wp-json\/wp\/v2\/posts"}],"about":[{"href":"https:\/\/www.europesays.com\/pt\/wp-json\/wp\/v2\/types\/post"}],"author":[{"embeddable":true,"href":"https:\/\/www.europesays.com\/pt\/wp-json\/wp\/v2\/users\/2"}],"replies":[{"embeddable":true,"href":"https:\/\/www.europesays.com\/pt\/wp-json\/wp\/v2\/comments?post=105476"}],"version-history":[{"count":0,"href":"https:\/\/www.europesays.com\/pt\/wp-json\/wp\/v2\/posts\/105476\/revisions"}],"wp:featuredmedia":[{"embeddable":true,"href":"https:\/\/www.europesays.com\/pt\/wp-json\/wp\/v2\/media\/105477"}],"wp:attachment":[{"href":"https:\/\/www.europesays.com\/pt\/wp-json\/wp\/v2\/media?parent=105476"}],"wp:term":[{"taxonomy":"category","embeddable":true,"href":"https:\/\/www.europesays.com\/pt\/wp-json\/wp\/v2\/categories?post=105476"},{"taxonomy":"post_tag","embeddable":true,"href":"https:\/\/www.europesays.com\/pt\/wp-json\/wp\/v2\/tags?post=105476"}],"curies":[{"name":"wp","href":"https:\/\/api.w.org\/{rel}","templated":true}]}}