{"id":105480,"date":"2025-10-10T20:21:21","date_gmt":"2025-10-10T20:21:21","guid":{"rendered":"https:\/\/www.europesays.com\/pt\/105480\/"},"modified":"2025-10-10T20:21:21","modified_gmt":"2025-10-10T20:21:21","slug":"usp-realiza-palestra-gratuita-sobre-livro-obrigatorio-do-vestibular","status":"publish","type":"post","link":"https:\/\/www.europesays.com\/pt\/105480\/","title":{"rendered":"USP realiza palestra gratuita sobre livro obrigat\u00f3rio do vestibular"},"content":{"rendered":"<p class=\"my-5 break-words group-[.isActiveSource]:text-xl\">Livro obrigat\u00f3rio no vestibular da Fuvest em 2026, &#8220;Can\u00e7\u00e3o para Ninar Menino Grande&#8221;, de Concei\u00e7\u00e3o Evaristo, autora conhecida por posicionar a mulher negra como figura central em suas obras, ser\u00e1 tema de palestra gratuita na USP (Universidade de S\u00e3o Paulo) no dia 15 de outubro.<\/p>\n<p class=\"animate__fadeIn animate__slower my-5 break-words group-[.isActiveSource]:text-xl\">A professora Rosangela Sarteschi, especialista em estudos comparados de literaturas de l\u00edngua portuguesa, conduzir\u00e1 a aula magna com uma an\u00e1lise cr\u00edtica da obra lan\u00e7ada em 2018. Ela examinar\u00e1 seu contexto hist\u00f3rico e como o romance aborda a constru\u00e7\u00e3o da sociedade patriarcal brasileira. Al\u00e9m disso, destacar\u00e1 quest\u00f5es que podem aparecer nas duas fases da prova. A primeira ocorre em 23 de novembro e a segunda nos dias 14 e 15 de dezembro.<\/p>\n<p class=\"my-5 break-words group-[.isActiveSource]:text-xl\">As inscri\u00e7\u00f5es para a palestra ser\u00e3o abertas nesta sexta-feira (10) pelo link que estar\u00e1 dispon\u00edvel na bio do perfil da BBM no <strong class=\"group-[.isActiveSource]:text-xl group-[.isActiveSource]:font-bold\"><a href=\"https:\/\/www.instagram.com\/bbmusp\/\" target=\"_blank\" rel=\"noopener noreferrer nofollow\" class=\"text-red-600 underline hover:text-red-500 font-medium break-words group-[.isActiveSource]:text-xl\">Instagram<\/a><\/strong>. A atividade \u00e9 gratuita e tamb\u00e9m tem transmiss\u00e3o online pelo<a href=\"https:\/\/www.youtube.com\/channel\/UC4wTnSCEZxg9Q63uOjYGw6g\" target=\"_blank\" rel=\"noopener noreferrer nofollow\" class=\"text-red-600 underline hover:text-red-500 font-medium break-words group-[.isActiveSource]:text-xl\">\u00a0<strong class=\"group-[.isActiveSource]:text-xl group-[.isActiveSource]:font-bold\">canal do YouTube<\/strong> <\/a>da Biblioteca Brasiliana Guita e Jos\u00e9 Mindlin.<\/p>\n<p class=\"animate__fadeIn animate__slower my-5 break-words group-[.isActiveSource]:text-xl\">O evento \u00e9 voltado para <strong class=\"group-[.isActiveSource]:text-xl group-[.isActiveSource]:font-bold\"><a href=\"https:\/\/www.cnnbrasil.com.br\/educacao\/carteirinha-escolar-e-disponibilizada-no-aplicativo-do-poupatempo\/https:\/\/www.cnnbrasil.com.br\/educacao\/carteirinha-escolar-e-disponibilizada-no-aplicativo-do-poupatempo\/\" class=\"text-red-600 underline hover:text-red-500 font-medium break-words group-[.isActiveSource]:text-xl\" target=\"_self\" rel=\"nofollow noopener\">estudantes<\/a><\/strong> do ensino m\u00e9dio e frequentadores de cursinhos pr\u00e9-vestibular, proporcionando uma oportunidade de aprofundar conhecimentos relevantes para o<strong class=\"group-[.isActiveSource]:text-xl group-[.isActiveSource]:font-bold\"> <a href=\"https:\/\/www.cnnbrasil.com.br\/educacao\/fuvest-2026-veja-o-que-ja-se-sabe-sobre-o-vestibular-da-usp\/\" class=\"text-red-600 underline hover:text-red-500 font-medium break-words group-[.isActiveSource]:text-xl\" target=\"_self\" rel=\"nofollow noopener\">vestibular da Fuvest<\/a><\/strong>, que neste ano traz pela primeira vez uma lista composta exclusivamente por autoras de l\u00edngua portuguesa.<\/p>\n<p class=\"animate__fadeIn animate__slower my-5 break-words group-[.isActiveSource]:text-xl\">Em seus textos, Concei\u00e7\u00e3o Evaristo aborda temas como mem\u00f3ria, ancestralidade, racismo e desigualdades de g\u00eanero e classe, com a mulher negra como centro de suas narrativas.<\/p>\n<p class=\"animate__fadeIn animate__slower my-5 break-words group-[.isActiveSource]:text-xl\">Mas em<strong class=\"group-[.isActiveSource]:text-xl group-[.isActiveSource]:font-bold\"><a href=\"https:\/\/www.cnnbrasil.com.br\/educacao\/vestibular-10-livros-das-provas-para-ler-no-feriado-de-corpus-christi\/\" class=\"text-red-600 underline hover:text-red-500 font-medium break-words group-[.isActiveSource]:text-xl\" target=\"_self\" rel=\"nofollow noopener\"> &#8220;Can\u00e7\u00e3o para Ninar Menino Grande&#8221;<\/a><\/strong> ela inverte esse foco ao contar a hist\u00f3ria de Fio Jasmim, um homem negro, ferrovi\u00e1rio e casado, que se envolve com oito mulheres durante suas viagens de trabalho. Estas experi\u00eancias se misturam com a vida da pr\u00f3pria autora, como ela sugere ao afirmar: \u201cFui uma das mulheres de Fio Jasmim; em alguma circunst\u00e2ncia, pode ser\u2026\u201d.<\/p>\n<p class=\"animate__fadeIn animate__slower my-5 break-words group-[.isActiveSource]:text-xl\">A obra mescla fic\u00e7\u00e3o e realidade e continua a explorar a &#8220;escreviv\u00eancia&#8221;, conceito criado por Concei\u00e7\u00e3o para afirmar a escrita das mulheres negras como uma forma de recuperar as vozes silenciadas das escravizadas. Segundo a autora, essa escreviv\u00eancia se torna um texto que se entrela\u00e7a com a identidade coletiva, oferecendo um testemunho das vidas daqueles que a inspiram.<\/p>\n<p>Como se inscrever?<\/p>\n<p class=\"my-5 break-words group-[.isActiveSource]:text-xl\">A palestra \u00e9 gratu\u00edta e os ionteressados podem se inscrever a partir desta sexta-feira (10) nos canais do projeto BBM no Vestibular.<\/p>\n<p class=\"my-5 break-words group-[.isActiveSource]:text-xl\"><strong class=\"group-[.isActiveSource]:text-xl group-[.isActiveSource]:font-bold\">Servi\u00e7o:<\/strong><\/p>\n<p class=\"my-5 break-words group-[.isActiveSource]:text-xl\"><strong class=\"group-[.isActiveSource]:text-xl group-[.isActiveSource]:font-bold\">Projeto BBM no Vestibular \u2013 &#8220;Can\u00e7\u00e3o para Ninar Menino Grande&#8221;, de Concei\u00e7\u00e3o Evaristo<\/strong><\/p>\n<p><strong class=\"group-[.isActiveSource]:text-xl group-[.isActiveSource]:font-bold\">Data da palestra:<\/strong> 15 de outubro, quarta-feira, \u00e0s 18h<\/p>\n<p><strong class=\"group-[.isActiveSource]:text-xl group-[.isActiveSource]:font-bold\">Local:<\/strong> Audit\u00f3rio Istv\u00e1n Jancs\u00f3 da BBM<\/p>\n<p><strong class=\"group-[.isActiveSource]:text-xl group-[.isActiveSource]:font-bold\">Endere\u00e7o:<\/strong> rua da Biblioteca, 21, Cidade Universit\u00e1ria, Butant\u00e3, S\u00e3o Paulo<\/p>\n<p><strong class=\"group-[.isActiveSource]:text-xl group-[.isActiveSource]:font-bold\">Entrada:<\/strong> Gratuita, por meio de inscri\u00e7\u00f5es nas redes da <strong class=\"group-[.isActiveSource]:text-xl group-[.isActiveSource]:font-bold\"><a href=\"https:\/\/www.instagram.com\/bbmusp\/https:\/\/www.instagram.com\/bbmusp\/\" target=\"_blank\" rel=\"noopener noreferrer nofollow\" class=\"text-red-600 underline hover:text-red-500 font-medium break-words group-[.isActiveSource]:text-xl\">Biblioteca<\/a><\/strong><\/p>\n<p><script async src=\"\/\/www.instagram.com\/embed.js\"><\/script><\/p>\n","protected":false},"excerpt":{"rendered":"Livro obrigat\u00f3rio no vestibular da Fuvest em 2026, &#8220;Can\u00e7\u00e3o para Ninar Menino Grande&#8221;, de Concei\u00e7\u00e3o Evaristo, autora conhecida&hellip;\n","protected":false},"author":2,"featured_media":105481,"comment_status":"","ping_status":"","sticky":false,"template":"","format":"standard","meta":{"footnotes":""},"categories":[143],"tags":[169,114,115,170,32,33],"class_list":{"0":"post-105480","1":"post","2":"type-post","3":"status-publish","4":"format-standard","5":"has-post-thumbnail","7":"category-livros","8":"tag-books","9":"tag-entertainment","10":"tag-entretenimento","11":"tag-livros","12":"tag-portugal","13":"tag-pt"},"share_on_mastodon":{"url":"","error":""},"_links":{"self":[{"href":"https:\/\/www.europesays.com\/pt\/wp-json\/wp\/v2\/posts\/105480","targetHints":{"allow":["GET"]}}],"collection":[{"href":"https:\/\/www.europesays.com\/pt\/wp-json\/wp\/v2\/posts"}],"about":[{"href":"https:\/\/www.europesays.com\/pt\/wp-json\/wp\/v2\/types\/post"}],"author":[{"embeddable":true,"href":"https:\/\/www.europesays.com\/pt\/wp-json\/wp\/v2\/users\/2"}],"replies":[{"embeddable":true,"href":"https:\/\/www.europesays.com\/pt\/wp-json\/wp\/v2\/comments?post=105480"}],"version-history":[{"count":0,"href":"https:\/\/www.europesays.com\/pt\/wp-json\/wp\/v2\/posts\/105480\/revisions"}],"wp:featuredmedia":[{"embeddable":true,"href":"https:\/\/www.europesays.com\/pt\/wp-json\/wp\/v2\/media\/105481"}],"wp:attachment":[{"href":"https:\/\/www.europesays.com\/pt\/wp-json\/wp\/v2\/media?parent=105480"}],"wp:term":[{"taxonomy":"category","embeddable":true,"href":"https:\/\/www.europesays.com\/pt\/wp-json\/wp\/v2\/categories?post=105480"},{"taxonomy":"post_tag","embeddable":true,"href":"https:\/\/www.europesays.com\/pt\/wp-json\/wp\/v2\/tags?post=105480"}],"curies":[{"name":"wp","href":"https:\/\/api.w.org\/{rel}","templated":true}]}}