{"id":105492,"date":"2025-10-10T20:27:16","date_gmt":"2025-10-10T20:27:16","guid":{"rendered":"https:\/\/www.europesays.com\/pt\/105492\/"},"modified":"2025-10-10T20:27:16","modified_gmt":"2025-10-10T20:27:16","slug":"infanta-rouba-o-protagonismo-a-letizia-com-as-calcas-que-seguem-tendencia-do-momento","status":"publish","type":"post","link":"https:\/\/www.europesays.com\/pt\/105492\/","title":{"rendered":"Infanta rouba o protagonismo a Letizia com as cal\u00e7as que seguem tend\u00eancia do momento"},"content":{"rendered":"<p>Bem conhecemos o gosto de Letizia, Rainha que tem looks em que reina a eleg\u00e2ncia, <a href=\"https:\/\/versa.iol.pt\/letizia\/infanta-sofia\/letizia-disse-a-filha-que-levava-o-casaco-mango-a-prova-de-criticas\/20250724\/68821499d34e3f0baea0defe\" rel=\"nofollow noopener\" target=\"_blank\">seja com Mango<\/a> ou com <a href=\"https:\/\/versa.iol.pt\/letizia\/hm\/depois-deste-look-de-letizia-so-temos-olhos-para-o-vestido-tendencia-da-h-m\/20250705\/6867b7fed34e3f0baea01f1e\" rel=\"nofollow noopener\" target=\"_blank\">Hugo Boss<\/a>. No entanto, o bom gosto n\u00e3o \u00e9 exclusivo de Letizia, \u00e9 sim uma tradi\u00e7\u00e3o na Casa Real espanhola como prova tamb\u00e9m a Infanta Cristina.<\/p>\n<p>Ao lado da irm\u00e3, a Infanta Elena, a Infanta Cristina compareceu no Gran Homenaje a la Bandera, realizado em Torrej\u00f3n de Ardoz no \u00e2mbito das festas da cidade, com um conjunto cl\u00e1ssico em que se destacam as cal\u00e7as largas e fluidas no\u00a0tom castanho Mocha Mousse, cor tend\u00eancia da temporada, que a colocaram diretamente no radar dos especialistas de moda.<\/p>\n<p>Cristina de Borb\u00f3n combinou as cal\u00e7as com um elegante blazer num tom mais claro de castanho e com um estampado floral com toques prateados, conseguindo um equil\u00edbrio perfeito entre sobriedade e frescura.<\/p>\n<p>Uns sapatos de salto em bege e pequenas joias completaram o conjunto, garantindo uma eleg\u00e2ncia discreta.\u00a0<\/p>\n<p>Se Letizia continua a ser uma refer\u00eancia incontorn\u00e1vel no que toca ao estilo da realeza, a Infanta Cristina d\u00e1-nos agora mais motivos para estarmos atentos aos looks da Casa Real Espanhola.<\/p>\n","protected":false},"excerpt":{"rendered":"Bem conhecemos o gosto de Letizia, Rainha que tem looks em que reina a eleg\u00e2ncia, seja com Mango&hellip;\n","protected":false},"author":2,"featured_media":105493,"comment_status":"","ping_status":"","sticky":false,"template":"","format":"standard","meta":{"footnotes":""},"categories":[85],"tags":[1081,204,114,115,640,754,25359,7572,186,1079,32,33,1078,1080],"class_list":{"0":"post-105492","1":"post","2":"type-post","3":"status-publish","4":"format-standard","5":"has-post-thumbnail","7":"category-entretenimento","8":"tag-beleza","9":"tag-design","10":"tag-entertainment","11":"tag-entretenimento","12":"tag-espanha","13":"tag-gastronomia","14":"tag-infanta-cristina","15":"tag-letizia","16":"tag-lifestyle","17":"tag-moda","18":"tag-portugal","19":"tag-pt","20":"tag-versa","21":"tag-viagens"},"share_on_mastodon":{"url":"","error":""},"_links":{"self":[{"href":"https:\/\/www.europesays.com\/pt\/wp-json\/wp\/v2\/posts\/105492","targetHints":{"allow":["GET"]}}],"collection":[{"href":"https:\/\/www.europesays.com\/pt\/wp-json\/wp\/v2\/posts"}],"about":[{"href":"https:\/\/www.europesays.com\/pt\/wp-json\/wp\/v2\/types\/post"}],"author":[{"embeddable":true,"href":"https:\/\/www.europesays.com\/pt\/wp-json\/wp\/v2\/users\/2"}],"replies":[{"embeddable":true,"href":"https:\/\/www.europesays.com\/pt\/wp-json\/wp\/v2\/comments?post=105492"}],"version-history":[{"count":0,"href":"https:\/\/www.europesays.com\/pt\/wp-json\/wp\/v2\/posts\/105492\/revisions"}],"wp:featuredmedia":[{"embeddable":true,"href":"https:\/\/www.europesays.com\/pt\/wp-json\/wp\/v2\/media\/105493"}],"wp:attachment":[{"href":"https:\/\/www.europesays.com\/pt\/wp-json\/wp\/v2\/media?parent=105492"}],"wp:term":[{"taxonomy":"category","embeddable":true,"href":"https:\/\/www.europesays.com\/pt\/wp-json\/wp\/v2\/categories?post=105492"},{"taxonomy":"post_tag","embeddable":true,"href":"https:\/\/www.europesays.com\/pt\/wp-json\/wp\/v2\/tags?post=105492"}],"curies":[{"name":"wp","href":"https:\/\/api.w.org\/{rel}","templated":true}]}}