{"id":105496,"date":"2025-10-10T20:30:13","date_gmt":"2025-10-10T20:30:13","guid":{"rendered":"https:\/\/www.europesays.com\/pt\/105496\/"},"modified":"2025-10-10T20:30:13","modified_gmt":"2025-10-10T20:30:13","slug":"marcelo-rangel-chega-e-il-elogiam-nobel-da-paz-psd-congratula-se-e-pcp-critica-nobel-da-paz","status":"publish","type":"post","link":"https:\/\/www.europesays.com\/pt\/105496\/","title":{"rendered":"Marcelo, Rangel, Chega e IL elogiam Nobel da Paz. PSD congratula-se e PCP critica | Nobel da Paz"},"content":{"rendered":"<p>O reconhecimento de <a href=\"https:\/\/www.publico.pt\/2025\/10\/10\/mundo\/noticia\/maria-corina-machado-opositora-politica-venezuelana-vence-nobel-paz-2150328\" rel=\"nofollow noopener\" target=\"_blank\">Mar\u00eda Corina Machado com o Nobel da Paz<\/a> colheu elogios por parte do Presidente da Rep\u00fablica, do ministro dos Neg\u00f3cios Estrangeiros, do PSD, do Chega e da Iniciativa Liberal. Mas enquanto estes celebraram a decis\u00e3o do Comit\u00e9 Nobel noruegu\u00eas, o PCP considerou o pr\u00e9mio um sinal de politiza\u00e7\u00e3o da organiza\u00e7\u00e3o e criticou a escolha da activista e opositora pol\u00edtica venezuelana do Governo de <a href=\"https:\/\/www.publico.pt\/nicolas-maduro\" rel=\"nofollow noopener\" target=\"_blank\">Nicol\u00e1s Maduro.<\/a><\/p>\n<p>Numa mensagem publicada no site da Presid\u00eancia da Rep\u00fablica, Marcelo Rebelo de Sousa sublinhou que a distin\u00e7\u00e3o \u201creconhece e encoraja as aspira\u00e7\u00f5es democr\u00e1ticas de todos\u201d e destacou que Mar\u00eda Corina Machado \u201ctem lutado de forma corajosa e abnegada pela democracia, justi\u00e7a social e pleno respeito pelos direitos humanos dos venezuelanos\u201d. O Presidente recordou ainda que \u201cj\u00e1 em 2024 fora justamente galardoada, com Edmundo Gonz\u00e1lez Urrutia, com o Pr\u00e9mio Sakharov para a Liberdade de Pensamento\u201d.<\/p>\n<p>A partir de Talin, na Est\u00f3nia, Marcelo vincou que a galardoada \u201cmerece a distin\u00e7\u00e3o\u201d, mas que cada um ter\u00e1 a sua opini\u00e3o, \u201cconforme seja a sua vis\u00e3o do mundo\u201d.<\/p>\n<p>Por sua vez, os sociais-democratas congratularam-se atrav\u00e9s de uma nota enviada \u00e0s redac\u00e7\u00f5es e felicitaram a opositora venezuelana, lembrando que, h\u00e1 um ano, o PSD foi \u201co proponente da sua nomea\u00e7\u00e3o para o Pr\u00e9mio Sakharov, atribu\u00eddo pelo Parlamento Europeu, que viria a vencer\u201d. O eurodeputado social-democrata Sebasti\u00e3o Bugalho foi co-autor da iniciativa que redundou na atribui\u00e7\u00e3o do <a href=\"https:\/\/www.publico.pt\/2024\/10\/24\/mundo\/noticia\/premio-sakharov-atribuido-edmundo-gonzalez-maria-corina-machado-2109243\" rel=\"nofollow noopener\" target=\"_blank\">Pr\u00e9mio Sakharov a Corina Machado<\/a>.<\/p>\n<p>        &#13;<\/p>\n<p>&#13;<br \/>\n                &#13;\n            <\/p>\n<p>&#13;<\/p>\n<p>\u00c0 margem de uma ac\u00e7\u00e3o de campanha no Porto, o ministro dos Neg\u00f3cios Estrangeiros Paulo Rangel classificou o pr\u00e9mio como \u201cjust\u00edssimo\u201d. \u201c\u00c9 uma lutadora pela democracia, com coragem, com aud\u00e1cia. Defendeu sempre elei\u00e7\u00f5es livres, integral respeito pelos direitos humanos. Tem feito um trabalho, tamb\u00e9m a n\u00edvel internacional, muito importante e, por isso, \u00e9 uma just\u00edssima merecedora do Pr\u00e9mio Nobel da Paz.\u201d<\/p>\n<p>Rangel acrescentou que a paz \u201cconstr\u00f3i-se como uma paz justa e democr\u00e1tica\u201d e que o trabalho da opositora contribui para \u201cuma transi\u00e7\u00e3o para a democracia sem mais sacrif\u00edcios para o povo da Venezuela\u201d, sublinhando ainda que Mar\u00eda Corina Machado \u201c\u00e9 um grande exemplo ao mundo\u201d.<\/p>\n<p>Tamb\u00e9m o Chega, atrav\u00e9s de Andr\u00e9 Ventura, considerou que a escolha foi \u201cuma excelente decis\u00e3o que reconhece verdadeiramente quem trabalha pela paz\u201d. Ventura salientou que o pr\u00e9mio \u201cdiz muito \u00e0 comunidade portuguesa e aos portugueses que est\u00e3o na Venezuela\u201d e destacou que envia \u201cum sinal claro aos governos europeus que continuaram a encontrar-se e a levar ao colo ditadores na Venezuela, em Cuba e noutras ditaduras da Am\u00e9rica do Sul\u201d, cita a ag\u00eancia Lusa.<\/p>\n<p>A meio da tarde, a Iniciativa Liberal fez saber que entregou um projecto de voto de congratula\u00e7\u00e3o na Assembleia da Rep\u00fablica \u00e0 escolha da activista venezuelana como Nobel da Paz, considerando que a distin\u00e7\u00e3o tem um \u201cenorme significado n\u00e3o apenas para a Venezuela, mas para todas as sociedades que enfrentam regimes autorit\u00e1rios e lutam pela liberdade, pelo Estado de direito e pela dignidade humana\u201d. A bancada liberal fala num \u201cpercurso extraordin\u00e1rio\u201d de uma \u201cmulher que recusou o ex\u00edlio e escolheu permanecer no seu pa\u00eds, mesmo sob amea\u00e7a constante, tornando-se s\u00edmbolo de coragem para milh\u00f5es de cidad\u00e3os\u201d, numa \u201cluta assente na n\u00e3o-viol\u00eancia, na mobiliza\u00e7\u00e3o popular, na unidade democr\u00e1tica e na recusa de legitimar a ditadura\u201d.<\/p>\n<p>&#8220;Uma trumpista&#8221;<\/p>\n<p>Em contrapartida, o secret\u00e1rio-geral do PCP, Paulo Raimundo, criticou duramente a distin\u00e7\u00e3o, afirmando que \u201cn\u00e3o deram o Nobel a Trump, deram a uma trumpista\u201d e que a decis\u00e3o \u00e9 \u201cum exemplo do descr\u00e9dito a que chegou a atribui\u00e7\u00e3o do Pr\u00e9mio Nobel da Paz\u201d. \u00c0 margem de uma ac\u00e7\u00e3o de campanha na Moita, o l\u00edder comunista foi questionado sobre a raz\u00e3o da cr\u00edtica e, em declara\u00e7\u00f5es reproduzidas pela RTP3, reiterou: \u201c\u00c9 t\u00e3o evidente que o pr\u00e9mio foi entregue a uma trumpista (&#8230;) d\u00e1-lo a Trump seria demasiado escandaloso.\u201d<\/p>\n<p>Mar\u00eda Corina Machado foi deputada da Assembleia Nacional da Venezuela entre 2011 e 2014 e candidata \u00e0s presidenciais de 2024, tendo sido <a href=\"https:\/\/www.publico.pt\/2024\/07\/14\/mundo\/noticia\/maria-corina-machado-candidata-afastada-move-multidoes-venezuela-2097248\" rel=\"nofollow noopener\" target=\"_blank\">depois impedida de concorrer<\/a>. O Comit\u00e9 Nobel destacou \u201co seu trabalho incans\u00e1vel na promo\u00e7\u00e3o dos direitos democr\u00e1ticos do povo da Venezuela e a luta por uma transi\u00e7\u00e3o justa e pac\u00edfica da ditadura para a democracia\u201d, reconhecendo a coragem e a persist\u00eancia da l\u00edder oposicionista numa regi\u00e3o marcada por desafios pol\u00edticos e sociais significativos.<\/p>\n<p><strong>Not\u00edcia actualizada: Acrescenta a entrega do projecto de voto pela IL.<\/strong><\/p>\n","protected":false},"excerpt":{"rendered":"O reconhecimento de Mar\u00eda Corina Machado com o Nobel da Paz colheu elogios por parte do Presidente da&hellip;\n","protected":false},"author":2,"featured_media":105497,"comment_status":"","ping_status":"","sticky":false,"template":"","format":"standard","meta":{"footnotes":""},"categories":[50],"tags":[1028,27,28,3026,15,16,14,25,26,21,22,62,12,24802,13,19,20,542,13444,52,25362,14937,23,24,4579,17,18,29,30,31,3023,63,64,65],"class_list":{"0":"post-105496","1":"post","2":"type-post","3":"status-publish","4":"format-standard","5":"has-post-thumbnail","7":"category-mundo","8":"tag-america-latina","9":"tag-breaking-news","10":"tag-breakingnews","11":"tag-direitos-humanos","12":"tag-featured-news","13":"tag-featurednews","14":"tag-headlines","15":"tag-latest-news","16":"tag-latestnews","17":"tag-main-news","18":"tag-mainnews","19":"tag-mundo","20":"tag-news","21":"tag-nobel-da-paz","22":"tag-noticias","23":"tag-noticias-principais","24":"tag-noticiasprincipais","25":"tag-para-redes","26":"tag-paulo-raimundo","27":"tag-politica","28":"tag-premio-sakharov","29":"tag-presidencia-da-republica","30":"tag-principais-noticias","31":"tag-principaisnoticias","32":"tag-psd","33":"tag-top-stories","34":"tag-topstories","35":"tag-ultimas","36":"tag-ultimas-noticias","37":"tag-ultimasnoticias","38":"tag-venezuela","39":"tag-world","40":"tag-world-news","41":"tag-worldnews"},"share_on_mastodon":{"url":"","error":""},"_links":{"self":[{"href":"https:\/\/www.europesays.com\/pt\/wp-json\/wp\/v2\/posts\/105496","targetHints":{"allow":["GET"]}}],"collection":[{"href":"https:\/\/www.europesays.com\/pt\/wp-json\/wp\/v2\/posts"}],"about":[{"href":"https:\/\/www.europesays.com\/pt\/wp-json\/wp\/v2\/types\/post"}],"author":[{"embeddable":true,"href":"https:\/\/www.europesays.com\/pt\/wp-json\/wp\/v2\/users\/2"}],"replies":[{"embeddable":true,"href":"https:\/\/www.europesays.com\/pt\/wp-json\/wp\/v2\/comments?post=105496"}],"version-history":[{"count":0,"href":"https:\/\/www.europesays.com\/pt\/wp-json\/wp\/v2\/posts\/105496\/revisions"}],"wp:featuredmedia":[{"embeddable":true,"href":"https:\/\/www.europesays.com\/pt\/wp-json\/wp\/v2\/media\/105497"}],"wp:attachment":[{"href":"https:\/\/www.europesays.com\/pt\/wp-json\/wp\/v2\/media?parent=105496"}],"wp:term":[{"taxonomy":"category","embeddable":true,"href":"https:\/\/www.europesays.com\/pt\/wp-json\/wp\/v2\/categories?post=105496"},{"taxonomy":"post_tag","embeddable":true,"href":"https:\/\/www.europesays.com\/pt\/wp-json\/wp\/v2\/tags?post=105496"}],"curies":[{"name":"wp","href":"https:\/\/api.w.org\/{rel}","templated":true}]}}