{"id":105498,"date":"2025-10-10T20:31:25","date_gmt":"2025-10-10T20:31:25","guid":{"rendered":"https:\/\/www.europesays.com\/pt\/105498\/"},"modified":"2025-10-10T20:31:25","modified_gmt":"2025-10-10T20:31:25","slug":"nao-regressou-a-prisao-apos-saida-em-agosto-foi-agora-detido-pela-gnr","status":"publish","type":"post","link":"https:\/\/www.europesays.com\/pt\/105498\/","title":{"rendered":"N\u00e3o regressou \u00e0 pris\u00e3o ap\u00f3s sa\u00edda em agosto. Foi agora detido pela GNR"},"content":{"rendered":"<p>A Guarda Nacional Republicana (GNR) faz saber, atrav\u00e9s de um comunicado enviado \u00e0s reda\u00e7\u00f5es, que capturou um homem de 33 anos, que se encontrava fora do Estabelecimento Prisional de Vale do Sousa, concelho de \u00c1gueda, sem autoriza\u00e7\u00e3o.<\/p>\n<p>O indiv\u00edduo, em aus\u00eancia ileg\u00edtima da pris\u00e3o desde o in\u00edcio de agosto de 2025, foi encontrado na via p\u00fablica, pelos militares da Guarda, durante uma a\u00e7\u00e3o de patrulhamento.\u00a0<\/p>\n<p>Na nota oficial, a GNR refere que abordou o homem por considerar que este evidenciava um comportamento suspeito .<\/p>\n<p>Durante o decurso das dilig\u00eancias, foi poss\u00edvel confirmar que existia sobre o mesmo um mandado de deten\u00e7\u00e3o para cumprimento da pena de pris\u00e3o efetiva.\u00a0<\/p>\n<p>As autoridades indicam ainda que o detido n\u00e3o havia regressado ao estabelecimento prisional ap\u00f3s lhe ter sido concedida uma sa\u00edda jurisdicional.<\/p>\n<p>O homem, condenado pela pr\u00e1tica dos crimes de tr\u00e1fico de estupefacientes agravado e deten\u00e7\u00e3o de armas e muni\u00e7\u00f5es proibidas, j\u00e1 se encontra no Estabelecimento Prisional de Vale do Sousa para cumprimento do remanescente da pena de seis anos e nove meses de pris\u00e3o.<\/p>\n<p>Leia Tamb\u00e9m: <a href=\"https:\/\/www.noticiasaominuto.com\/pais\/2867757\/oe2026-governo-preve-entregar-600-veiculos-a-psp-e-gnr\" target=\"_blank\" rel=\"noopener noreferrer nofollow\">OE2026. Governo prev\u00ea entregar 600 ve\u00edculos \u00e0 PSP e GNR<\/a><\/p>\n","protected":false},"excerpt":{"rendered":"A Guarda Nacional Republicana (GNR) faz saber, atrav\u00e9s de um comunicado enviado \u00e0s reda\u00e7\u00f5es, que capturou um homem&hellip;\n","protected":false},"author":2,"featured_media":105499,"comment_status":"","ping_status":"","sticky":false,"template":"","format":"standard","meta":{"footnotes":""},"categories":[10],"tags":[27,28,15,16,14,25,26,21,22,12,13,19,20,32,23,24,33,17,18,29,30,31],"class_list":{"0":"post-105498","1":"post","2":"type-post","3":"status-publish","4":"format-standard","5":"has-post-thumbnail","7":"category-portugal","8":"tag-breaking-news","9":"tag-breakingnews","10":"tag-featured-news","11":"tag-featurednews","12":"tag-headlines","13":"tag-latest-news","14":"tag-latestnews","15":"tag-main-news","16":"tag-mainnews","17":"tag-news","18":"tag-noticias","19":"tag-noticias-principais","20":"tag-noticiasprincipais","21":"tag-portugal","22":"tag-principais-noticias","23":"tag-principaisnoticias","24":"tag-pt","25":"tag-top-stories","26":"tag-topstories","27":"tag-ultimas","28":"tag-ultimas-noticias","29":"tag-ultimasnoticias"},"share_on_mastodon":{"url":"","error":""},"_links":{"self":[{"href":"https:\/\/www.europesays.com\/pt\/wp-json\/wp\/v2\/posts\/105498","targetHints":{"allow":["GET"]}}],"collection":[{"href":"https:\/\/www.europesays.com\/pt\/wp-json\/wp\/v2\/posts"}],"about":[{"href":"https:\/\/www.europesays.com\/pt\/wp-json\/wp\/v2\/types\/post"}],"author":[{"embeddable":true,"href":"https:\/\/www.europesays.com\/pt\/wp-json\/wp\/v2\/users\/2"}],"replies":[{"embeddable":true,"href":"https:\/\/www.europesays.com\/pt\/wp-json\/wp\/v2\/comments?post=105498"}],"version-history":[{"count":0,"href":"https:\/\/www.europesays.com\/pt\/wp-json\/wp\/v2\/posts\/105498\/revisions"}],"wp:featuredmedia":[{"embeddable":true,"href":"https:\/\/www.europesays.com\/pt\/wp-json\/wp\/v2\/media\/105499"}],"wp:attachment":[{"href":"https:\/\/www.europesays.com\/pt\/wp-json\/wp\/v2\/media?parent=105498"}],"wp:term":[{"taxonomy":"category","embeddable":true,"href":"https:\/\/www.europesays.com\/pt\/wp-json\/wp\/v2\/categories?post=105498"},{"taxonomy":"post_tag","embeddable":true,"href":"https:\/\/www.europesays.com\/pt\/wp-json\/wp\/v2\/tags?post=105498"}],"curies":[{"name":"wp","href":"https:\/\/api.w.org\/{rel}","templated":true}]}}