{"id":105502,"date":"2025-10-10T20:37:12","date_gmt":"2025-10-10T20:37:12","guid":{"rendered":"https:\/\/www.europesays.com\/pt\/105502\/"},"modified":"2025-10-10T20:37:12","modified_gmt":"2025-10-10T20:37:12","slug":"depois-de-incidente-do-ovo-marisa-explica-o-que-aconteceu-e-perde-as-estribeiras-com-ana-cristina-secret-story","status":"publish","type":"post","link":"https:\/\/www.europesays.com\/pt\/105502\/","title":{"rendered":"Depois de incidente do ovo, Marisa explica o que aconteceu e perde as estribeiras com Ana Cristina &#8211; Secret Story"},"content":{"rendered":"<p>No <strong>Secret Story 9<\/strong>, os concorrentes enfrentaram um desafio que tinha tudo para ser hilariante: fazer \u201cbabysitting\u201d a ovos, protegendo-os dos colegas para que n\u00e3o se partam. Durante a manh\u00e3, a brincadeira acabou por correr mal quando F\u00e1bio e Dylan acidentalmente partiram o ovo de Marisa, levando a concorrente \u00e0 revolta. Apesar do momento sens\u00edvel, Marisa garantiu que percebeu tratar-se apenas de uma brincadeira e que n\u00e3o guarda rancor.<\/p>\n<p>Horas mais tarde, com todos reunidos na sala, Marisa voltou a explicar tudo o que aconteceu, mas acabou aor berros com Ana Cristina, por causa de um coment\u00e1rio desta.<\/p>\n<p><strong>Esta semana h\u00e1 6 concorrentes em risco. Vote para salvar:<\/strong><\/p>\n<p>ANA &#8211; 761 20 20 01<br \/>ANA CRISTINA &#8211; 761 20 20 02<br \/>DYLAN &#8211; 761 20 20 07<br \/>F\u00c1BIO &#8211; 761 20 20 08<br \/>LEANDRO &#8211; 761 20 20 12<br \/>L\u00cdDIA &#8211; 761 20 20 13<\/p>\n<p><a href=\"https:\/\/tvi.iol.pt\/secretstory\/aominuto\" wbo-id=\"32\" rel=\"nofollow noopener\" target=\"_blank\">Acompanhe aqui tudo o que se passa na casa mais vigiada do pa\u00eds!<\/a><\/p>\n","protected":false},"excerpt":{"rendered":"No Secret Story 9, os concorrentes enfrentaram um desafio que tinha tudo para ser hilariante: fazer \u201cbabysitting\u201d a&hellip;\n","protected":false},"author":2,"featured_media":105503,"comment_status":"","ping_status":"","sticky":false,"template":"","format":"standard","meta":{"footnotes":""},"categories":[142],"tags":[19725,114,115,19033,19184,19034,32,33,151,19032],"class_list":{"0":"post-105502","1":"post","2":"type-post","3":"status-publish","4":"format-standard","5":"has-post-thumbnail","7":"category-tv","8":"tag-ana-cristina","9":"tag-entertainment","10":"tag-entretenimento","11":"tag-galas-em-video","12":"tag-marisa","13":"tag-melhores-momentos-casa-dos-segredos","14":"tag-portugal","15":"tag-pt","16":"tag-tv","17":"tag-videos-secret-story-tvi"},"share_on_mastodon":{"url":"","error":""},"_links":{"self":[{"href":"https:\/\/www.europesays.com\/pt\/wp-json\/wp\/v2\/posts\/105502","targetHints":{"allow":["GET"]}}],"collection":[{"href":"https:\/\/www.europesays.com\/pt\/wp-json\/wp\/v2\/posts"}],"about":[{"href":"https:\/\/www.europesays.com\/pt\/wp-json\/wp\/v2\/types\/post"}],"author":[{"embeddable":true,"href":"https:\/\/www.europesays.com\/pt\/wp-json\/wp\/v2\/users\/2"}],"replies":[{"embeddable":true,"href":"https:\/\/www.europesays.com\/pt\/wp-json\/wp\/v2\/comments?post=105502"}],"version-history":[{"count":0,"href":"https:\/\/www.europesays.com\/pt\/wp-json\/wp\/v2\/posts\/105502\/revisions"}],"wp:featuredmedia":[{"embeddable":true,"href":"https:\/\/www.europesays.com\/pt\/wp-json\/wp\/v2\/media\/105503"}],"wp:attachment":[{"href":"https:\/\/www.europesays.com\/pt\/wp-json\/wp\/v2\/media?parent=105502"}],"wp:term":[{"taxonomy":"category","embeddable":true,"href":"https:\/\/www.europesays.com\/pt\/wp-json\/wp\/v2\/categories?post=105502"},{"taxonomy":"post_tag","embeddable":true,"href":"https:\/\/www.europesays.com\/pt\/wp-json\/wp\/v2\/tags?post=105502"}],"curies":[{"name":"wp","href":"https:\/\/api.w.org\/{rel}","templated":true}]}}