{"id":105506,"date":"2025-10-10T20:39:21","date_gmt":"2025-10-10T20:39:21","guid":{"rendered":"https:\/\/www.europesays.com\/pt\/105506\/"},"modified":"2025-10-10T20:39:21","modified_gmt":"2025-10-10T20:39:21","slug":"novas-fotos-de-homem-aranha-um-novo-dia-revelam-tom-holland-de-volta-ao-set-em-luta-com-o-vilao-spoiler","status":"publish","type":"post","link":"https:\/\/www.europesays.com\/pt\/105506\/","title":{"rendered":"Novas fotos de &#8216;Homem-Aranha: Um Novo Dia&#8217; revelam Tom Holland de volta ao set em luta com o vil\u00e3o [SPOILER]"},"content":{"rendered":"<p>No m\u00eas passado, as filmagens de \u2018<strong><a href=\"https:\/\/cinepop.com.br\/tag\/homem-aranha\/\" title=\"Homem-Aranha\" rel=\"nofollow noopener\" target=\"_blank\">Homem-Aranha<\/a>: Um Novo Dia<\/strong>\u2018 foram interrompidas ap\u00f3s <strong><a href=\"https:\/\/cinepop.com.br\/tag\/tom-holland\/\" title=\"Tom Holland\" rel=\"nofollow noopener\" target=\"_blank\">Tom Holland<\/a><\/strong> sofrer um acidente no set. O ator j\u00e1 est\u00e1 de volta aos sets e as c\u00e2meras est\u00e3o agora rodando e temos o visual de <strong><a href=\"https:\/\/cinepop.com.br\/tag\/michael-mando\/\" title=\"Michael Mando\" rel=\"nofollow noopener\" target=\"_blank\">Michael Mando<\/a><\/strong> como o Mac Gargan, tamb\u00e9m conhecido como Scorpion.<\/p>\n<blockquote class=\"twitter-tweet\">\n<p dir=\"ltr\" lang=\"en\">Scorpion is back! <a href=\"https:\/\/cinepop.com.br\/tag\/tom-holland\/\" title=\"Tom Holland\" rel=\"nofollow noopener\" target=\"_blank\">Tom Holland<\/a> and <a href=\"https:\/\/cinepop.com.br\/tag\/michael-mando\/\" title=\"Michael Mando\" rel=\"nofollow noopener\" target=\"_blank\">Michael Mando<\/a> on the set of \u2018SPIDER-MAN: BRAND NEW DAY\u2019 <a href=\"https:\/\/t.co\/VRX7XqRV4n\" rel=\"nofollow\">pic.twitter.com\/VRX7XqRV4n<\/a><\/p>\n<p>\u2014 MyTimeToShineHello (@MyTimeToShineH) <a href=\"https:\/\/twitter.com\/MyTimeToShineH\/status\/1976344484733743585?ref_src=twsrc%5Etfw\" rel=\"nofollow noopener\" target=\"_blank\">October 9, 2025<\/a><\/p>\n<\/blockquote>\n<blockquote class=\"twitter-tweet\">\n<p dir=\"ltr\" lang=\"en\">Zoom and enhance what\u2019s on that Brand New Day script <a href=\"https:\/\/t.co\/i151u5JO8N\" rel=\"nofollow\">pic.twitter.com\/i151u5JO8N<\/a><\/p>\n<p>\u2014 Jack (-_\u2022) (@captaincupkicks) <a href=\"https:\/\/twitter.com\/captaincupkicks\/status\/1976346507038097697?ref_src=twsrc%5Etfw\" rel=\"nofollow noopener\" target=\"_blank\">October 9, 2025<\/a><\/p>\n<\/blockquote>\n<p>As filmagens de \u2018<strong><a href=\"https:\/\/cinepop.com.br\/tag\/homem-aranha\/\" title=\"Homem-Aranha\" rel=\"nofollow noopener\" target=\"_blank\">Homem-Aranha<\/a>: Um Novo Dia<\/strong>\u2018 j\u00e1 foram retomadas.<\/p>\n<p>Felizmente, a pausa n\u00e3o deve impactar a estreia do filme, que <strong>segue programada para o dia 31 de julho de 2026<\/strong>.<\/p>\n<p><a href=\"https:\/\/cinepop.com.br\/homem-aranha-um-novo-dia-imagem-de-bastidores-pode-ter-confirmado-retorno-de-spoiler-692114\/\" rel=\"nofollow noopener\" target=\"_blank\">\u2018Homem-Aranha: Um Novo Dia\u2019: Imagem de bastidores pode ter confirmado retorno de [SPOILER]<\/a><\/p>\n<p><a href=\"https:\/\/cinepop.com.br\/tom-holland-fala-sobre-futuro-apos-homem-aranha-um-novo-dia-690587\/\" rel=\"nofollow noopener\" target=\"_blank\">Tom Holland fala sobre futuro ap\u00f3s \u2018Homem-Aranha: Um Novo Dia\u2019<\/a><\/p>\n<p>  <img fetchpriority=\"high\" decoding=\"async\" src=\"https:\/\/www.europesays.com\/pt\/wp-content\/uploads\/2025\/09\/1759088527_237_homemaranhaumnovodia-1024x628.jpg\" alt=\"\" width=\"696\" height=\"427\"  \/> <\/p>\n<p>Esse ser\u00e1 o quarto filme solo do <a href=\"https:\/\/cinepop.com.br\/tag\/homem-aranha\/\" title=\"Homem-Aranha\" rel=\"nofollow noopener\" target=\"_blank\">Homem-Aranha<\/a> no Universo Cinematogr\u00e1fico <a href=\"https:\/\/cinepop.com.br\/tag\/marvel\/\" title=\"Marvel\" rel=\"nofollow noopener\" target=\"_blank\">Marvel<\/a> (MCU), resultado da parceria entre Sony e Disney.<\/p>\n<p>O novo longa \u00e9 baseado no arco hom\u00f4nimo dos quadrinhos. Na hist\u00f3ria original, Peter Parker faz um pacto com o dem\u00f4nio Mephisto para que o mundo esque\u00e7a sua identidade como <a href=\"https:\/\/cinepop.com.br\/tag\/homem-aranha\/\" title=\"Homem-Aranha\" rel=\"nofollow noopener\" target=\"_blank\">Homem-Aranha<\/a> e para salvar a vida de Tia May. No entanto, o feiti\u00e7o essencialmente reinicia sua realidade, apagando at\u00e9 mesmo seu casamento com MJ.<\/p>\n<p>A dire\u00e7\u00e3o de <strong>\u2018Um Novo Dia\u2019<\/strong> est\u00e1 a cargo de <strong><a href=\"https:\/\/cinepop.com.br\/tag\/destin-daniel-cretton\/\" title=\"Destin Daniel Cretton\" rel=\"nofollow noopener\" target=\"_blank\">Destin Daniel Cretton<\/a><\/strong>, conhecido por seu trabalho em <strong>\u2018Shang-Chi e a Lenda dos Dez An\u00e9is\u2019<\/strong>. O filme tamb\u00e9m promete participa\u00e7\u00f5es especiais de <strong><a href=\"https:\/\/cinepop.com.br\/tag\/jon-bernthal\/\" title=\"Jon Bernthal\" rel=\"nofollow noopener\" target=\"_blank\">Jon Bernthal<\/a><\/strong> como o Justiceiro e <strong><a href=\"https:\/\/cinepop.com.br\/tag\/mark-ruffalo\/\" title=\"Mark Ruffalo\" rel=\"nofollow noopener\" target=\"_blank\">Mark Ruffalo<\/a><\/strong> como Bruce Banner, o Hulk.<\/p>\n<p>  <img loading=\"lazy\" decoding=\"async\" src=\"https:\/\/www.europesays.com\/pt\/wp-content\/uploads\/2025\/09\/homem-aranha-4-1.jpg\" alt=\"\" width=\"1000\" height=\"667\"  \/> <\/p>\n<p><script async src=\"https:\/\/platform.twitter.com\/widgets.js\" charset=\"utf-8\"><\/script><\/p>\n","protected":false},"excerpt":{"rendered":"No m\u00eas passado, as filmagens de \u2018Homem-Aranha: Um Novo Dia\u2018 foram interrompidas ap\u00f3s Tom Holland sofrer um acidente&hellip;\n","protected":false},"author":2,"featured_media":105507,"comment_status":"","ping_status":"","sticky":false,"template":"","format":"standard","meta":{"footnotes":""},"categories":[140],"tags":[14099,114,115,147,148,5814,10305,14100,14101,14102,14103,792,14104,146,32,33,10306,12897,6705,14105],"class_list":{"0":"post-105506","1":"post","2":"type-post","3":"status-publish","4":"format-standard","5":"has-post-thumbnail","7":"category-filmes","8":"tag-destin-daniel-cretton","9":"tag-entertainment","10":"tag-entretenimento","11":"tag-film","12":"tag-filmes","13":"tag-homem-aranha","14":"tag-homem-aranha-um-novo-dia","15":"tag-jacob-batalon","16":"tag-jon-bernthal","17":"tag-liza-colon-zayas","18":"tag-mark-ruffalo","19":"tag-marvel","20":"tag-michael-mando","21":"tag-movies","22":"tag-portugal","23":"tag-pt","24":"tag-sadie-sink","25":"tag-sony-pictures","26":"tag-tom-holland","27":"tag-zendaya"},"share_on_mastodon":{"url":"","error":""},"_links":{"self":[{"href":"https:\/\/www.europesays.com\/pt\/wp-json\/wp\/v2\/posts\/105506","targetHints":{"allow":["GET"]}}],"collection":[{"href":"https:\/\/www.europesays.com\/pt\/wp-json\/wp\/v2\/posts"}],"about":[{"href":"https:\/\/www.europesays.com\/pt\/wp-json\/wp\/v2\/types\/post"}],"author":[{"embeddable":true,"href":"https:\/\/www.europesays.com\/pt\/wp-json\/wp\/v2\/users\/2"}],"replies":[{"embeddable":true,"href":"https:\/\/www.europesays.com\/pt\/wp-json\/wp\/v2\/comments?post=105506"}],"version-history":[{"count":0,"href":"https:\/\/www.europesays.com\/pt\/wp-json\/wp\/v2\/posts\/105506\/revisions"}],"wp:featuredmedia":[{"embeddable":true,"href":"https:\/\/www.europesays.com\/pt\/wp-json\/wp\/v2\/media\/105507"}],"wp:attachment":[{"href":"https:\/\/www.europesays.com\/pt\/wp-json\/wp\/v2\/media?parent=105506"}],"wp:term":[{"taxonomy":"category","embeddable":true,"href":"https:\/\/www.europesays.com\/pt\/wp-json\/wp\/v2\/categories?post=105506"},{"taxonomy":"post_tag","embeddable":true,"href":"https:\/\/www.europesays.com\/pt\/wp-json\/wp\/v2\/tags?post=105506"}],"curies":[{"name":"wp","href":"https:\/\/api.w.org\/{rel}","templated":true}]}}