{"id":105512,"date":"2025-10-10T20:43:32","date_gmt":"2025-10-10T20:43:32","guid":{"rendered":"https:\/\/www.europesays.com\/pt\/105512\/"},"modified":"2025-10-10T20:43:32","modified_gmt":"2025-10-10T20:43:32","slug":"quilo-que-ele-quer-e-ele-acaba-por-revelar-e-o-dinheiro-da-betty-grafstein","status":"publish","type":"post","link":"https:\/\/www.europesays.com\/pt\/105512\/","title":{"rendered":"quilo que ele quer, e ele acaba por revelar, \u00e9 o dinheiro da Betty Grafstein"},"content":{"rendered":"<p>Ricardo Martins Pereira arrasa Jos\u00e9 Castelo Branco: \u201cquilo que ele quer, e ele acaba por revelar, \u00e9 o dinheiro da Betty Grafstein\u201d, disse.<\/p>\n<p>Tribunal de Sintra declara-se incompetente no processo de div\u00f3rcio<\/p>\n<p>A estreia do programa <strong>\u201cTarde das Estrelas\u201d<\/strong>, da <strong><a href=\"https:\/\/www.cmjornal.pt\/cmtv?\" rel=\"nofollow noopener\" target=\"_blank\">CMTV<\/a><\/strong>, na quinta-feira, 9 de outubro, trouxe uma revela\u00e7\u00e3o inesperada sobre o medi\u00e1tico processo de div\u00f3rcio entre <strong>Betty Grafstein<\/strong> e <strong>Jos\u00e9 Castelo Branco<\/strong>.<\/p>\n<p>Durante a emiss\u00e3o, <strong>\u00c1gata Rodrigues<\/strong> revelou que <strong>\u201co Tribunal de Sintra declarou-se incompetente para conduzir o div\u00f3rcio entre Betty Grafstein e Jos\u00e9 Castelo Branco\u201d<\/strong>. A apresentadora explicou ainda os contornos da decis\u00e3o judicial:<br \/><strong>\u201cA defesa de Betty Grafstein recorreu da decis\u00e3o para o Tribunal da Rela\u00e7\u00e3o de Lisboa. Isto quer dizer que cabe agora \u00e0s desembargadoras do processo decidir se este div\u00f3rcio \u00e9 resolvido em Portugal. O Tribunal de Sintra defende que n\u00e3o ficou comprovada a resid\u00eancia alternada do casal tanto nos Estados Unidos como em Portugal. Por esse motivo, defende que o div\u00f3rcio n\u00e3o pode ser discutido nesta comarca. Ou seja, apesar de estarem separados, devido ao processo de viol\u00eancia dom\u00e9stica, o casal continua formalmente casado.\u201d<\/strong><\/p>\n<p>Esta decis\u00e3o prolonga o impasse entre o socialite e a joalheira norte-americana, cujo relacionamento se deteriorou ap\u00f3s as acusa\u00e7\u00f5es de viol\u00eancia dom\u00e9stica que levaram Jos\u00e9 Castelo Branco a tribunal.<\/p>\n<p>\u201cEm Portugal eu casei-me com separa\u00e7\u00e3o de bens\u201d<\/p>\n<p>Convidado a intervir em direto no programa, <strong>Jos\u00e9 Castelo Branco<\/strong> reagiu com a habitual frontalidade e explicou o seu ponto de vista sobre a quest\u00e3o judicial. O socialite defendeu que <strong>\u201co div\u00f3rcio, a acontecer, tem que ser feito nos Estados Unidos\u201d<\/strong>, justificando-se com os diferentes regimes legais dos dois pa\u00edses.<\/p>\n<p><strong>\u201cEm Portugal eu casei-me com separa\u00e7\u00e3o de bens, que \u00e9 a estrat\u00e9gia do advogado, e em Nova Iorque eu n\u00e3o tenho nenhum acordo pr\u00e9-nupcial e, mesmo com acordo pr\u00e9-nupcial, eu tenho direito a 50% de tudo. \u00c9 evidente [vantajoso], seria fant\u00e1stico, inclusivamente eu podia receber uma mesada fant\u00e1stica.\u201d<\/strong><\/p>\n<p>Com humor, mas tamb\u00e9m com alguma provoca\u00e7\u00e3o, Jos\u00e9 Castelo Branco n\u00e3o escondeu o que seria, para si, um cen\u00e1rio vantajoso.<\/p>\n<p>\u201cSe eu quisesse ser mauzinho, pedia uma mesada decente\u201d<\/p>\n<p>Durante a conversa, o socialite foi ainda mais longe e apontou para os direitos que acredita ter, caso o div\u00f3rcio avance.<br \/><strong>\u201cApenas estou a dizer que, se eu quisesse ser mauzinho, pedia aqui o div\u00f3rcio e pediria uma mesada decente.\u201d<\/strong><\/p>\n<p>A apresentadora <strong>\u00c1gata Rodrigues<\/strong> reagiu de imediato \u00e0 afirma\u00e7\u00e3o, lan\u00e7ando uma provoca\u00e7\u00e3o:<br \/><strong>\u201cResta saber se teria direito a ela.\u201d<\/strong><\/p>\n<p>Por sua vez, Jos\u00e9 Castelo Branco respondeu sem hesitar:<br \/><strong>\u201cClaro que tenho direito.\u201d<\/strong><\/p>\n<p>\u201cO \u00fanico intuito dele \u00e9 ficar com os bens da Betty\u201d<\/p>\n<p>No final da interven\u00e7\u00e3o, <strong>Ricardo Martins Pereira<\/strong> \u2014 um dos comentadores do formato \u2014 analisou a postura do socialite e deixou duras cr\u00edticas \u00e0s suas declara\u00e7\u00f5es.<\/p>\n<p><strong>\u201cAcho que ao longo da conversa o Z\u00e9 acaba por se revelar. Ou seja, o \u00fanico intuito dele \u00e9 o intuito de ficar com os bens da Betty. Depois, que \u00e9 aquilo que eu se calhar considero mais grave, \u00e9 o n\u00e3o respeitarmos aquilo que \u00e9 a vontade efetiva de uma pessoa. Ou seja, usarmos os subterf\u00fagios da lei, usarmos o moro aqui, n\u00e3o moro ali, que s\u00e3o aquelas legalidades \u00e0 la chico-esperto que eu acho que p\u00f5em em causa toda a argumenta\u00e7\u00e3o do Jos\u00e9 Castelo Branco. Porque de facto aquilo que ele quer, e ele acaba por revelar, \u00e9 o dinheiro da Betty Grafstein e n\u00e3o respeitar aquela que \u00e9 a vontade da mulher.\u201d<\/strong><\/p>\n<p><a href=\"https:\/\/news.google.com\/publications\/CAAqBwgKMKfIoAswtNK4Aw\" target=\"_blank\" rel=\"noopener noreferrer nofollow\"><img loading=\"lazy\" data-lazyloaded=\"1\" width=\"481\" height=\"161\" decoding=\"async\" src=\"\/wp-content\/uploads\/2024\/02\/GN_siganos.png\" alt=\"Siga-nos no Google News\" style=\"margin-top:20px;\"\/><\/a><\/p>\n","protected":false},"excerpt":{"rendered":"Ricardo Martins Pereira arrasa Jos\u00e9 Castelo Branco: \u201cquilo que ele quer, e ele acaba por revelar, \u00e9 o&hellip;\n","protected":false},"author":2,"featured_media":105513,"comment_status":"","ping_status":"","sticky":false,"template":"","format":"standard","meta":{"footnotes":""},"categories":[85],"tags":[9402,114,115,3297,25363,32,33,5265],"class_list":{"0":"post-105512","1":"post","2":"type-post","3":"status-publish","4":"format-standard","5":"has-post-thumbnail","7":"category-entretenimento","8":"tag-cmtv","9":"tag-entertainment","10":"tag-entretenimento","11":"tag-jose-castelo-branco","12":"tag-o-arrumadinho","13":"tag-portugal","14":"tag-pt","15":"tag-ricardo-martins-pereira"},"share_on_mastodon":{"url":"","error":""},"_links":{"self":[{"href":"https:\/\/www.europesays.com\/pt\/wp-json\/wp\/v2\/posts\/105512","targetHints":{"allow":["GET"]}}],"collection":[{"href":"https:\/\/www.europesays.com\/pt\/wp-json\/wp\/v2\/posts"}],"about":[{"href":"https:\/\/www.europesays.com\/pt\/wp-json\/wp\/v2\/types\/post"}],"author":[{"embeddable":true,"href":"https:\/\/www.europesays.com\/pt\/wp-json\/wp\/v2\/users\/2"}],"replies":[{"embeddable":true,"href":"https:\/\/www.europesays.com\/pt\/wp-json\/wp\/v2\/comments?post=105512"}],"version-history":[{"count":0,"href":"https:\/\/www.europesays.com\/pt\/wp-json\/wp\/v2\/posts\/105512\/revisions"}],"wp:featuredmedia":[{"embeddable":true,"href":"https:\/\/www.europesays.com\/pt\/wp-json\/wp\/v2\/media\/105513"}],"wp:attachment":[{"href":"https:\/\/www.europesays.com\/pt\/wp-json\/wp\/v2\/media?parent=105512"}],"wp:term":[{"taxonomy":"category","embeddable":true,"href":"https:\/\/www.europesays.com\/pt\/wp-json\/wp\/v2\/categories?post=105512"},{"taxonomy":"post_tag","embeddable":true,"href":"https:\/\/www.europesays.com\/pt\/wp-json\/wp\/v2\/tags?post=105512"}],"curies":[{"name":"wp","href":"https:\/\/api.w.org\/{rel}","templated":true}]}}