{"id":105514,"date":"2025-10-10T20:45:22","date_gmt":"2025-10-10T20:45:22","guid":{"rendered":"https:\/\/www.europesays.com\/pt\/105514\/"},"modified":"2025-10-10T20:45:22","modified_gmt":"2025-10-10T20:45:22","slug":"exportacoes-sobem-04-e-importacoes-aumentam-60-ate-agosto","status":"publish","type":"post","link":"https:\/\/www.europesays.com\/pt\/105514\/","title":{"rendered":"Exporta\u00e7\u00f5es sobem 0,4% e importa\u00e7\u00f5es aumentam 6,0% at\u00e9 agosto"},"content":{"rendered":"<p>&#13;<br \/>\nComo resultado desta evolu\u00e7\u00e3o, o d\u00e9fice da balan\u00e7a comercial de bens agravou-se em 313 milh\u00f5es de euros em agosto face ao mesmo m\u00eas do ano anterior, apesar de recuar 327 milh\u00f5es relativamente a julho, atingindo os 2.983 milh\u00f5es de euros, avan\u00e7a o Instituto Nacional de Estat\u00edstica (INE).&#13;\n<\/p>\n<p>&#13;<br \/>\nNo acumulado dos primeiros oito meses do ano, o d\u00e9fice acumulado ascendeu a 21.239 milh\u00f5es de euros, um agravamento de 3.947 milh\u00f5es em termos hom\u00f3logos.&#13;<\/p>\n","protected":false},"excerpt":{"rendered":"&#13; Como resultado desta evolu\u00e7\u00e3o, o d\u00e9fice da balan\u00e7a comercial de bens agravou-se em 313 milh\u00f5es de euros&hellip;\n","protected":false},"author":2,"featured_media":105515,"comment_status":"","ping_status":"","sticky":false,"template":"","format":"standard","meta":{"footnotes":""},"categories":[83],"tags":[88,89,90,13,32,33,420,421],"class_list":{"0":"post-105514","1":"post","2":"type-post","3":"status-publish","4":"format-standard","5":"has-post-thumbnail","7":"category-empresas","8":"tag-business","9":"tag-economy","10":"tag-empresas","11":"tag-noticias","12":"tag-portugal","13":"tag-pt","14":"tag-rtp","15":"tag-rtp-noticias"},"share_on_mastodon":{"url":"","error":""},"_links":{"self":[{"href":"https:\/\/www.europesays.com\/pt\/wp-json\/wp\/v2\/posts\/105514","targetHints":{"allow":["GET"]}}],"collection":[{"href":"https:\/\/www.europesays.com\/pt\/wp-json\/wp\/v2\/posts"}],"about":[{"href":"https:\/\/www.europesays.com\/pt\/wp-json\/wp\/v2\/types\/post"}],"author":[{"embeddable":true,"href":"https:\/\/www.europesays.com\/pt\/wp-json\/wp\/v2\/users\/2"}],"replies":[{"embeddable":true,"href":"https:\/\/www.europesays.com\/pt\/wp-json\/wp\/v2\/comments?post=105514"}],"version-history":[{"count":0,"href":"https:\/\/www.europesays.com\/pt\/wp-json\/wp\/v2\/posts\/105514\/revisions"}],"wp:featuredmedia":[{"embeddable":true,"href":"https:\/\/www.europesays.com\/pt\/wp-json\/wp\/v2\/media\/105515"}],"wp:attachment":[{"href":"https:\/\/www.europesays.com\/pt\/wp-json\/wp\/v2\/media?parent=105514"}],"wp:term":[{"taxonomy":"category","embeddable":true,"href":"https:\/\/www.europesays.com\/pt\/wp-json\/wp\/v2\/categories?post=105514"},{"taxonomy":"post_tag","embeddable":true,"href":"https:\/\/www.europesays.com\/pt\/wp-json\/wp\/v2\/tags?post=105514"}],"curies":[{"name":"wp","href":"https:\/\/api.w.org\/{rel}","templated":true}]}}