{"id":105518,"date":"2025-10-10T20:47:36","date_gmt":"2025-10-10T20:47:36","guid":{"rendered":"https:\/\/www.europesays.com\/pt\/105518\/"},"modified":"2025-10-10T20:47:36","modified_gmt":"2025-10-10T20:47:36","slug":"depressao-alice-aproxima-se-da-peninsula-iberica-espanha-esta-em-alerta-e-portugal","status":"publish","type":"post","link":"https:\/\/www.europesays.com\/pt\/105518\/","title":{"rendered":"Depress\u00e3o Alice aproxima-se da Pen\u00ednsula Ib\u00e9rica: Espanha est\u00e1 em alerta e Portugal?"},"content":{"rendered":"<p>A depress\u00e3o Alice est\u00e1 a caminho e promete ser a primeira grande tempestade deste outono na Pen\u00ednsula Ib\u00e9rica. Mas ser\u00e1 que vai afetar Portugal da mesma forma que Espanha, que est\u00e1 em alerta?\n<\/p>\n<p>Podes respirar de al\u00edvio. Segundo o IPMA, Portugal continental dever\u00e1 escapar praticamente ileso. Entre esta sexta-feira e s\u00e1bado (10 e 11 de outubro), apenas se prev\u00eaem aguaceiros dispersos no Sul, principalmente nas regi\u00f5es interiores, e a possibilidade de trovoadas isoladas. O c\u00e9u mant\u00e9m-se pouco nublado ou limpo, com temperaturas a atingir 31\u00baC em Santar\u00e9m e \u00c9vora.\n<\/p>\n<p>Em contraste, Espanha prepara-se para enfrentar chuvas muito fortes e persistentes, alerta a Aemet. As regi\u00f5es costeiras de Val\u00eancia e Alicante podem sofrer inunda\u00e7\u00f5es locais repentinas, enquanto ventos de nordeste atingem o seu pico de intensidade. A precipita\u00e7\u00e3o acumulada poder\u00e1 ultrapassar 140 mm em 12 horas em Val\u00eancia, Alicante e M\u00farcia, criando uma situa\u00e7\u00e3o de instabilidade prolongada e potencialmente perigosa.\n<\/p>\n<p>Ou seja, enquanto Portugal observa Alice a aproximar-se com alguma tranquilidade, Espanha entra em alerta m\u00e1ximo, preparando-se para enfrentar toda a for\u00e7a desta depress\u00e3o outonal.<\/p>\n","protected":false},"excerpt":{"rendered":"A depress\u00e3o Alice est\u00e1 a caminho e promete ser a primeira grande tempestade deste outono na Pen\u00ednsula Ib\u00e9rica.&hellip;\n","protected":false},"author":2,"featured_media":105519,"comment_status":"","ping_status":"","sticky":false,"template":"","format":"standard","meta":{"footnotes":""},"categories":[10],"tags":[783,778,779,774,27,28,764,769,767,772,782,15,16,784,14,222,771,25,26,773,21,22,149,12,768,13,19,20,777,32,23,24,33,766,781,765,763,775,780,776,770,17,18,29,30,31],"class_list":{"0":"post-105518","1":"post","2":"type-post","3":"status-publish","4":"format-standard","5":"has-post-thumbnail","7":"category-portugal","8":"tag-6pm","9":"tag-80s-rfm","10":"tag-80srfm","11":"tag-90s","12":"tag-breaking-news","13":"tag-breakingnews","14":"tag-bruno-mars","15":"tag-cafe-da-manha","16":"tag-comedia","17":"tag-dance-it","18":"tag-emissao-online","19":"tag-featured-news","20":"tag-featurednews","21":"tag-fridayboyz","22":"tag-headlines","23":"tag-humor","24":"tag-jazzy","25":"tag-latest-news","26":"tag-latestnews","27":"tag-latinas","28":"tag-main-news","29":"tag-mainnews","30":"tag-music","31":"tag-news","32":"tag-nilton","33":"tag-noticias","34":"tag-noticias-principais","35":"tag-noticiasprincipais","36":"tag-oceano-pacifico","37":"tag-portugal","38":"tag-principais-noticias","39":"tag-principaisnoticias","40":"tag-pt","41":"tag-radio","42":"tag-radio-online","43":"tag-rfm","44":"tag-rock-in-rio","45":"tag-rocks","46":"tag-somnii","47":"tag-toca-portugal","48":"tag-top-25","49":"tag-top-stories","50":"tag-topstories","51":"tag-ultimas","52":"tag-ultimas-noticias","53":"tag-ultimasnoticias"},"share_on_mastodon":{"url":"","error":""},"_links":{"self":[{"href":"https:\/\/www.europesays.com\/pt\/wp-json\/wp\/v2\/posts\/105518","targetHints":{"allow":["GET"]}}],"collection":[{"href":"https:\/\/www.europesays.com\/pt\/wp-json\/wp\/v2\/posts"}],"about":[{"href":"https:\/\/www.europesays.com\/pt\/wp-json\/wp\/v2\/types\/post"}],"author":[{"embeddable":true,"href":"https:\/\/www.europesays.com\/pt\/wp-json\/wp\/v2\/users\/2"}],"replies":[{"embeddable":true,"href":"https:\/\/www.europesays.com\/pt\/wp-json\/wp\/v2\/comments?post=105518"}],"version-history":[{"count":0,"href":"https:\/\/www.europesays.com\/pt\/wp-json\/wp\/v2\/posts\/105518\/revisions"}],"wp:featuredmedia":[{"embeddable":true,"href":"https:\/\/www.europesays.com\/pt\/wp-json\/wp\/v2\/media\/105519"}],"wp:attachment":[{"href":"https:\/\/www.europesays.com\/pt\/wp-json\/wp\/v2\/media?parent=105518"}],"wp:term":[{"taxonomy":"category","embeddable":true,"href":"https:\/\/www.europesays.com\/pt\/wp-json\/wp\/v2\/categories?post=105518"},{"taxonomy":"post_tag","embeddable":true,"href":"https:\/\/www.europesays.com\/pt\/wp-json\/wp\/v2\/tags?post=105518"}],"curies":[{"name":"wp","href":"https:\/\/api.w.org\/{rel}","templated":true}]}}