{"id":105538,"date":"2025-10-10T21:02:40","date_gmt":"2025-10-10T21:02:40","guid":{"rendered":"https:\/\/www.europesays.com\/pt\/105538\/"},"modified":"2025-10-10T21:02:40","modified_gmt":"2025-10-10T21:02:40","slug":"com-74-milhoes-de-euros-governo-compromete-se-a-transformar-a-aima-em-entidade-funcional-e-eficiente","status":"publish","type":"post","link":"https:\/\/www.europesays.com\/pt\/105538\/","title":{"rendered":"Com 74 milh\u00f5es de euros, Governo compromete-se a transformar a AIMA em entidade funcional e eficiente"},"content":{"rendered":"<p>Est\u00e1 escrito no documento do Or\u00e7amento do Estado 2026. &#8220;O Governo compromete-se a transformar a Ag\u00eancia para a Integra\u00e7\u00e3o, Migra\u00e7\u00f5es e Asilo (AIMA)<strong> numa entidade funcional e eficiente, capaz de garantir decis\u00f5es tempestivas, reduzir a burocracia e assegurar a confian\u00e7a no sistema de entrada e perman\u00eancia dos imigrantes<\/strong>&#8220;. Para tal, destina <strong>74 milh\u00f5es de euros<\/strong>, num or\u00e7amento total de 91 milh\u00f5es de euros para &#8220;regular a imigra\u00e7\u00e3o&#8221;.<\/p>\n<p>O aumento \u00e9 de 55 milh\u00f5es face ao Or\u00e7amento de Estado 2025, <strong><a aria-label=\"content\" target=\"_blank\" href=\"https:\/\/www.dn.pt\/sociedade\/governo-define-como-prioritaria-a-reorganizacao-da-aima-e-garante-reforcos\" rel=\"nofollow noopener\">quando forma destinados 19 milh\u00f5es para a AIMA<\/a><\/strong>. O valor significa uma subida de 289,5%, sendo os objetivos semelhantes ao do ano passado.<\/p>\n<p>Segundo o OE 2026, a AIMA &#8211; prestes a completar dois anos de atividades e com <strong><a aria-label=\"content\" target=\"_blank\" href=\"https:\/\/dnbrasil.dn.pt\/provedoria-recebe-mais-de-55-mil-queixas-contra-aima-e-diz-que-decreto-lei-de-renova%C3%A7%C3%B5es-foi-insuficiente\" rel=\"nofollow noopener\">queixas constantes pelo n\u00e3o funcionamento administrativo<\/a><\/strong> &#8211; &#8220;<strong>continuar\u00e1 a ser reestruturada<\/strong>, prosseguindo o refor\u00e7o de meios humanos e tecnol\u00f3gicos que permitam decis\u00f5es c\u00e9leres, justas e eficazes&#8221;. O Governo tamb\u00e9m garante a &#8220;<strong>elimina\u00e7\u00e3o das pend\u00eancias acumuladas em entidades p\u00fablicas e a agiliza\u00e7\u00e3o de procedimentos<\/strong>, assegurando a sua efic\u00e1cia e o pleno respeito pela lei e pelos direitos de quem nos procura&#8221;. <\/p>\n<p>A AIMA tamb\u00e9m aparece em destaque pela sua arrecada\u00e7\u00e3o. Cerca de metade das receitas pr\u00f3prias do Minist\u00e9rio da Presid\u00eancia, que tutela a AIMA, vem do dinheiro dos imigrantes. O valor \u00e9 <strong>&#8220;decorrente da concess\u00e3o de vistos de curta dura\u00e7\u00e3o, de autoriza\u00e7\u00f5es e prorroga\u00e7\u00f5es de perman\u00eancia, de t\u00edtulos de resid\u00eancia, coimas e emiss\u00e3o de certid\u00f5es&#8221;<\/strong>.<\/p>\n<p>Refor\u00e7o na fiscaliza\u00e7\u00e3o<\/p>\n<p>Por outro lado, &#8220;<strong>ser\u00e1 refor\u00e7ada a fiscaliza\u00e7\u00e3o de entradas sem visto correspondente \u00e0 motiva\u00e7\u00e3o migrat\u00f3ria, a fiscaliza\u00e7\u00e3o da perman\u00eancia legal<\/strong>&#8220;. A &#8220;limita\u00e7\u00e3o dos fluxos migrat\u00f3rios&#8221;, um dos objetivos claros do Governo com o fim das manifesta\u00e7\u00f5es de interesse e a recente mudan\u00e7a na Lei doa Estrangeiros, estar\u00e1 acompanhada de &#8220;uma estrat\u00e9gia de atra\u00e7\u00e3o de talento&#8221;.<\/p>\n<p>Esta estrat\u00e9gia dever\u00e1 ser <strong>&#8220;ajustada \u00e0s car\u00eancias efetivas de m\u00e3o de obra e aportando valor acrescentado \u00e0 sociedade e \u00e0 economia nacional&#8221;. O Governo diz que &#8220;<\/strong>ser\u00e3o privilegiados perfis profissionais identificados como priorit\u00e1rios para o tecido econ\u00f3mico nacional, que respondam a car\u00eancias de m\u00e3o de obra em setores-chave&#8221;.<\/p>\n","protected":false},"excerpt":{"rendered":"Est\u00e1 escrito no documento do Or\u00e7amento do Estado 2026. &#8220;O Governo compromete-se a transformar a Ag\u00eancia para a&hellip;\n","protected":false},"author":2,"featured_media":105539,"comment_status":"","ping_status":"","sticky":false,"template":"","format":"standard","meta":{"footnotes":""},"categories":[10],"tags":[1964,27,28,15,16,14,1481,1865,25,26,21,22,12,13,19,20,18658,32,23,24,33,17,18,29,30,31],"class_list":{"0":"post-105538","1":"post","2":"type-post","3":"status-publish","4":"format-standard","5":"has-post-thumbnail","7":"category-portugal","8":"tag-aima","9":"tag-breaking-news","10":"tag-breakingnews","11":"tag-featured-news","12":"tag-featurednews","13":"tag-headlines","14":"tag-imigracao","15":"tag-imigrantes","16":"tag-latest-news","17":"tag-latestnews","18":"tag-main-news","19":"tag-mainnews","20":"tag-news","21":"tag-noticias","22":"tag-noticias-principais","23":"tag-noticiasprincipais","24":"tag-oe2026","25":"tag-portugal","26":"tag-principais-noticias","27":"tag-principaisnoticias","28":"tag-pt","29":"tag-top-stories","30":"tag-topstories","31":"tag-ultimas","32":"tag-ultimas-noticias","33":"tag-ultimasnoticias"},"share_on_mastodon":{"url":"","error":""},"_links":{"self":[{"href":"https:\/\/www.europesays.com\/pt\/wp-json\/wp\/v2\/posts\/105538","targetHints":{"allow":["GET"]}}],"collection":[{"href":"https:\/\/www.europesays.com\/pt\/wp-json\/wp\/v2\/posts"}],"about":[{"href":"https:\/\/www.europesays.com\/pt\/wp-json\/wp\/v2\/types\/post"}],"author":[{"embeddable":true,"href":"https:\/\/www.europesays.com\/pt\/wp-json\/wp\/v2\/users\/2"}],"replies":[{"embeddable":true,"href":"https:\/\/www.europesays.com\/pt\/wp-json\/wp\/v2\/comments?post=105538"}],"version-history":[{"count":0,"href":"https:\/\/www.europesays.com\/pt\/wp-json\/wp\/v2\/posts\/105538\/revisions"}],"wp:featuredmedia":[{"embeddable":true,"href":"https:\/\/www.europesays.com\/pt\/wp-json\/wp\/v2\/media\/105539"}],"wp:attachment":[{"href":"https:\/\/www.europesays.com\/pt\/wp-json\/wp\/v2\/media?parent=105538"}],"wp:term":[{"taxonomy":"category","embeddable":true,"href":"https:\/\/www.europesays.com\/pt\/wp-json\/wp\/v2\/categories?post=105538"},{"taxonomy":"post_tag","embeddable":true,"href":"https:\/\/www.europesays.com\/pt\/wp-json\/wp\/v2\/tags?post=105538"}],"curies":[{"name":"wp","href":"https:\/\/api.w.org\/{rel}","templated":true}]}}