{"id":105542,"date":"2025-10-10T21:06:07","date_gmt":"2025-10-10T21:06:07","guid":{"rendered":"https:\/\/www.europesays.com\/pt\/105542\/"},"modified":"2025-10-10T21:06:07","modified_gmt":"2025-10-10T21:06:07","slug":"como-a-acesa-constroi-cidadania-e-transforma-vidas","status":"publish","type":"post","link":"https:\/\/www.europesays.com\/pt\/105542\/","title":{"rendered":"Como a ACESA constr\u00f3i cidadania e transforma vidas"},"content":{"rendered":"<p class=\"postParagraph_post-paragraph-innerHtml__Q5vwc\">Em <strong>Pernambuco<\/strong>, o acesso a espa\u00e7os seguros de <strong>cultura, educa\u00e7\u00e3o e desenvolvimento<\/strong> ainda \u00e9 um desafio para muitas comunidades perif\u00e9ricas. A falta de bibliotecas p\u00fablicas ou centros culturais em diversas regi\u00f5es limita o potencial de crian\u00e7as, jovens e adultos, silencia vozes e fragiliza a sa\u00fade mental. Sem um lugar para <strong>ler, aprender, se expressar e se conectar<\/strong>, muitos talentos se perdem e a esperan\u00e7a se torna um artigo de luxo.<\/p>\n<p class=\"postParagraph_post-paragraph-innerHtml__Q5vwc\">\u00c9 para preencher esse vazio que organiza\u00e7\u00f5es como a <strong>Associa\u00e7\u00e3o Cultural Esportiva Social Amigos (ACESA)<\/strong> dedicam seu trabalho. Com a cren\u00e7a de que <strong>todos t\u00eam direitos iguais e oportunidades para as escolhas<\/strong>, a ACESA se tornou um ponto de refer\u00eancia e transforma\u00e7\u00e3o, oferecendo projetos que se tornaram pilares para a comunidade.\u00a0<\/p>\n<p class=\"postParagraph_post-paragraph-innerHtml__Q5vwc\">Al\u00e9m da sua reconhecida Biblioteca Comunit\u00e1ria, a ACESA tamb\u00e9m atua ativamente no <strong>esporte<\/strong> (incluindo e-Sports), na <strong>valoriza\u00e7\u00e3o da mulher<\/strong> atrav\u00e9s de coletivos, na promo\u00e7\u00e3o de <strong>di\u00e1logos com a comunidade LGBTQIAPN+ na periferia<\/strong> e na oferta de diversos projetos culturais. \u00c9 um trabalho amplo, focado em garantir acesso \u00e0 educa\u00e7\u00e3o, cultura e esporte, promovendo a <strong>dignidade e o desenvolvimento pleno<\/strong>.\u00a0<\/p>\n<p><strong>A Biblioteca Comunit\u00e1ria Amigos da Leitura como espa\u00e7o de acolhimento e transforma\u00e7\u00e3o Social<\/strong>\u00a0<\/p>\n<p class=\"postParagraph_post-paragraph-innerHtml__Q5vwc\">A transforma\u00e7\u00e3o que a <strong>ACESA <\/strong>gera, por vezes, \u00e9 t\u00e3o profunda que pode salvar vidas. Um dos leitores que frequenta a biblioteca compartilhou que enfrentou um momento extremamente delicado: ele havia tentado tirar a pr\u00f3pria vid<strong>a<\/strong>, motivado pela solid\u00e3o e pelo abandono familiar. Em sua fala, destacou que encontrou <strong>acolhimento e apoio na biblioteca<\/strong> &#8211; n\u00e3o apenas nos livros, mas nas pessoas.\u00a0<\/p>\n<p class=\"postParagraph_post-paragraph-innerHtml__Q5vwc\">Foi por meio da escuta atenta e do cuidado dos <strong>mediadores de leitura<\/strong>, que ele passou a se reconectar com seus <strong>gostos<\/strong>, suas <strong>mem\u00f3rias <\/strong>e, principalmente, com sua <strong>dignidade<\/strong>. Os livros sugeridos vinham acompanhados de conversas, trocas e empatia. A leitura deixou de ser um ato solit\u00e1rio e se tornou um <strong>elo de reconstru\u00e7\u00e3o<\/strong>.\u00a0<\/p>\n<p class=\"postParagraph_post-paragraph-innerHtml__Q5vwc\">O leitor fez quest\u00e3o de ressaltar: mesmo com o apoio da terapia e dos medicamentos, foi a <strong>Biblioteca Comunit\u00e1ria Amigos da Leitura<\/strong> que teve um papel essencial em sua recupera\u00e7\u00e3o. <strong>Sentiu-se menos s\u00f3. Sentiu-se acolhido. Sentiu-se vivo.<\/strong>\u00a0<\/p>\n<p class=\"postParagraph_post-paragraph-innerHtml__Q5vwc\">Esse depoimento refor\u00e7a a certeza de que a biblioteca \u00e9 um <strong>espa\u00e7o vivo de direitos humanos<\/strong>, e o papel do mediador de leitura \u00e9 crucial para garantir o acesso n\u00e3o s\u00f3 \u00e0 literatura, mas tamb\u00e9m \u00e0 escuta, \u00e0 conviv\u00eancia e ao cuidado.\u00a0<\/p>\n<p><strong>A ONG ACESA de portas abertas e bra\u00e7os estendidos<\/strong>\u00a0<\/p>\n<p class=\"postParagraph_post-paragraph-innerHtml__Q5vwc\">O cora\u00e7\u00e3o pulsante da ACESA \u00e9 sua <strong>Biblioteca Comunit\u00e1ria Amigos da Leitura<\/strong>, que funciona de segunda a s\u00e1bado oferecendo muito mais do que empr\u00e9stimo de livros. A associa\u00e7\u00e3o vai at\u00e9 a comunidade com iniciativas criativas e cheias de afeto, como:\u00a0<\/p>\n<ul class=\"postList_post-list-container__W0E4y postList_visual-type-unordered-list__M8U7t\">\n<li class=\"postList_post-list-item__34Ck1\"><strong>Mala de Leitura:<\/strong> Fam\u00edlias levam para casa uma mala com 10 livros por um m\u00eas, compartilhando as hist\u00f3rias com os vizinhos e registrando suas impress\u00f5es.\u00a0<\/li>\n<\/ul>\n<ul class=\"postList_post-list-container__W0E4y postList_visual-type-unordered-list__M8U7t\">\n<li class=\"postList_post-list-item__34Ck1\"><strong>Amigo da Palavra:<\/strong> Volunt\u00e1rios visitam as casas dos moradores da comunidade para declamar uma poesia ou ler um texto &#8220;ao p\u00e9 do ouvido&#8221;, levando arte e sensibilidade para o cotidiano.\u00a0<\/li>\n<\/ul>\n<ul class=\"postList_post-list-container__W0E4y postList_visual-type-unordered-list__M8U7t\">\n<li class=\"postList_post-list-item__34Ck1\"><strong>Encontro com Escritor:<\/strong> Autores locais, especialmente de Pernambuco, s\u00e3o convidados para encontros e rodas de leitura, conectando a comunidade com quem produz a literatura.\u00a0<\/li>\n<\/ul>\n<ul class=\"postList_post-list-container__W0E4y postList_visual-type-unordered-list__M8U7t\">\n<li class=\"postList_post-list-item__34Ck1\"><strong>Rodas de Leituras:<\/strong> Atividade quinzenal para estudos das hist\u00f3rias produzidas por autores pernambucanos, seguida de discuss\u00e3o com o autor.\u00a0<\/li>\n<\/ul>\n<ul class=\"postList_post-list-container__W0E4y postList_visual-type-unordered-list__M8U7t\">\n<li class=\"postList_post-list-item__34Ck1\"><strong>Conta\u00e7\u00e3o de Hist\u00f3ria:<\/strong> Atividade mensal em espa\u00e7os da comunidade, utilizando hist\u00f3rias da tradi\u00e7\u00e3o oral e da literatura escrita para encantar crian\u00e7as, adolescentes, jovens e adultos.\u00a0<\/li>\n<\/ul>\n<ul class=\"postList_post-list-container__W0E4y postList_visual-type-unordered-list__M8U7t\">\n<li class=\"postList_post-list-item__34Ck1\"><strong>Semana dos Contos:<\/strong> Evento anual de uma semana com contos liter\u00e1rios e narrativas orais, em parceria com outras bibliotecas da regi\u00e3o.\u00a0<\/li>\n<\/ul>\n<p class=\"postParagraph_post-paragraph-innerHtml__Q5vwc\">Al\u00e9m da biblioteca, a ACESA promove a <strong>inclus\u00e3o social<\/strong> atrav\u00e9s do <strong>esporte<\/strong> e de <strong>coletivos<\/strong> que fortalecem a identidade e os direitos de grupos espec\u00edficos, provando que a cidadania se constr\u00f3i em m\u00faltiplas frentes.\u00a0<\/p>\n<p><strong>Fa\u00e7a parte desta transforma\u00e7\u00e3o<\/strong>\u00a0<\/p>\n<p class=\"postParagraph_post-paragraph-innerHtml__Q5vwc\">Para continuar salvando vidas e construindo futuros, a <strong>ACESA <\/strong>precisa do seu apoio. O trabalho da associa\u00e7\u00e3o depende da <strong>colabora\u00e7\u00e3o <\/strong>de pessoas que acreditam no poder da comunidade. Veja como voc\u00ea pode ajudar:\u00a0<\/p>\n<ul class=\"postList_post-list-container__W0E4y postList_visual-type-unordered-list__M8U7t\">\n<li class=\"postList_post-list-item__34Ck1\"><strong>Doe qualquer valor:<\/strong> A sua contribui\u00e7\u00e3o financeira ajuda a manter os projetos ativos e a expandir o alcance da associa\u00e7\u00e3o. A chave PIX (CNPJ) \u00e9: <strong>14.810.743\/0001-31<\/strong>.\u00a0<\/li>\n<\/ul>\n<ul class=\"postList_post-list-container__W0E4y postList_visual-type-unordered-list__M8U7t\">\n<li class=\"postList_post-list-item__34Ck1\"><strong>Seja um volunt\u00e1rio:<\/strong> Doe seu tempo e talento em diversas \u00e1reas. A ACESA est\u00e1 de bra\u00e7os abertos para receber ajuda e transformar mais vidas.\u00a0<\/li>\n<\/ul>\n<ul class=\"postList_post-list-container__W0E4y postList_visual-type-unordered-list__M8U7t\">\n<li class=\"postList_post-list-item__34Ck1\"><strong>Divulgue esta causa:<\/strong> Compartilhe o trabalho da ACESA em suas redes sociais. Ajudar a espalhar essa hist\u00f3ria \u00e9 uma forma poderosa de apoio.\u00a0<\/li>\n<\/ul>\n<p class=\"postParagraph_post-paragraph-innerHtml__Q5vwc\">Saiba mais no\u00a0site <a href=\"https:\/\/acesaorg.wixsite.com\/acesa\" target=\"_blank\" rel=\"noreferrer noopener nofollow\">https:\/\/acesaorg.wixsite.com\/acesa<\/a>,\u00a0e acompanhe o trabalho da organiza\u00e7\u00e3o nas redes sociais.\u00a0<\/p>\n<p class=\"postParagraph_post-paragraph-innerHtml__Q5vwc\"><strong>Instagram:<\/strong>\u00a0<a href=\"https:\/\/www.instagram.com\/acesaong\/\" target=\"_blank\" rel=\"noreferrer noopener nofollow\">https:\/\/www.instagram.com\/acesaong\/<\/a>\u00a0<\/p>\n<p class=\"postParagraph_post-paragraph-innerHtml__Q5vwc\"><strong>Facebook:\u00a0<\/strong><a href=\"https:\/\/www.facebook.com\/Acesa-Futsal-283798034981672\" target=\"_blank\" rel=\"noreferrer noopener nofollow\">https:\/\/www.facebook.com\/Acesa-Futsal-283798034981672<\/a>\u00a0<\/p>\n<p class=\"postParagraph_post-paragraph-innerHtml__Q5vwc\">A Associa\u00e7\u00e3o Cultural Esportiva Social Amigos (ACESA)\u00a0\u00e9 uma organiza\u00e7\u00e3o cadastrada no Programa Impulso, iniciativa do Instituto GRPCOM que oferece apoio \u00e0s Organiza\u00e7\u00f5es da Sociedade Civil (OSC) do Terceiro Setor, com foco no aprimoramento da gest\u00e3o e da comunica\u00e7\u00e3o, \u00e1reas fundamentais para que estas organiza\u00e7\u00f5es possam alcan\u00e7ar seus objetivos e ampliar seu impacto social. Para saber mais e fazer parte, acesse:\u00a0<a href=\"https:\/\/programaimpulso.org.br\/\" target=\"_blank\" rel=\"noreferrer noopener nofollow\">https:\/\/programaimpulso.org.br\/<\/a>.\u00a0\u00a0\u00a0<\/p>\n<p><script async src=\"\/\/www.instagram.com\/embed.js\"><\/script><\/p>\n","protected":false},"excerpt":{"rendered":"Em Pernambuco, o acesso a espa\u00e7os seguros de cultura, educa\u00e7\u00e3o e desenvolvimento ainda \u00e9 um desafio para muitas&hellip;\n","protected":false},"author":2,"featured_media":105543,"comment_status":"","ping_status":"","sticky":false,"template":"","format":"standard","meta":{"footnotes":""},"categories":[143],"tags":[169,726,114,115,1049,170,62,13,52,32,33],"class_list":{"0":"post-105542","1":"post","2":"type-post","3":"status-publish","4":"format-standard","5":"has-post-thumbnail","7":"category-livros","8":"tag-books","9":"tag-brasil","10":"tag-entertainment","11":"tag-entretenimento","12":"tag-gazeta-do-povo","13":"tag-livros","14":"tag-mundo","15":"tag-noticias","16":"tag-politica","17":"tag-portugal","18":"tag-pt"},"share_on_mastodon":{"url":"","error":""},"_links":{"self":[{"href":"https:\/\/www.europesays.com\/pt\/wp-json\/wp\/v2\/posts\/105542","targetHints":{"allow":["GET"]}}],"collection":[{"href":"https:\/\/www.europesays.com\/pt\/wp-json\/wp\/v2\/posts"}],"about":[{"href":"https:\/\/www.europesays.com\/pt\/wp-json\/wp\/v2\/types\/post"}],"author":[{"embeddable":true,"href":"https:\/\/www.europesays.com\/pt\/wp-json\/wp\/v2\/users\/2"}],"replies":[{"embeddable":true,"href":"https:\/\/www.europesays.com\/pt\/wp-json\/wp\/v2\/comments?post=105542"}],"version-history":[{"count":0,"href":"https:\/\/www.europesays.com\/pt\/wp-json\/wp\/v2\/posts\/105542\/revisions"}],"wp:featuredmedia":[{"embeddable":true,"href":"https:\/\/www.europesays.com\/pt\/wp-json\/wp\/v2\/media\/105543"}],"wp:attachment":[{"href":"https:\/\/www.europesays.com\/pt\/wp-json\/wp\/v2\/media?parent=105542"}],"wp:term":[{"taxonomy":"category","embeddable":true,"href":"https:\/\/www.europesays.com\/pt\/wp-json\/wp\/v2\/categories?post=105542"},{"taxonomy":"post_tag","embeddable":true,"href":"https:\/\/www.europesays.com\/pt\/wp-json\/wp\/v2\/tags?post=105542"}],"curies":[{"name":"wp","href":"https:\/\/api.w.org\/{rel}","templated":true}]}}