{"id":105557,"date":"2025-10-10T21:14:23","date_gmt":"2025-10-10T21:14:23","guid":{"rendered":"https:\/\/www.europesays.com\/pt\/105557\/"},"modified":"2025-10-10T21:14:23","modified_gmt":"2025-10-10T21:14:23","slug":"v12-italiano-a-fundo-numa-autoestrada-sem-limite-de-velocidade","status":"publish","type":"post","link":"https:\/\/www.europesays.com\/pt\/105557\/","title":{"rendered":"V12 italiano a fundo numa autoestrada sem limite de velocidade"},"content":{"rendered":"<p>\n\tUm Ferrari equipado com um motor V12 tem sempre um espa\u00e7o muito especial na nossa audi\u00e7\u00e3o. Pode estar bem mais &#8220;filtrado&#8221; mas ainda apaixona.\n<\/p>\n<p>Os motores V12 continuam a ser uma das configura\u00e7\u00f5es mais m\u00e1gicas do mundo autom\u00f3vel, especialmente quando t\u00eam sotaque italiano e a assinatura da Ferrari.<\/p>\n<p>Hoje, a sua sonoridade pode estar mais contida do que em tempos \u00e1ureos, mas em modelos como o novo <a href=\"https:\/\/www.razaoautomovel.com\/marca\/ferrari\/12Cilindri\" rel=\"nofollow noopener\" target=\"_blank\">Ferrari 12Cilindri<\/a>, o encanto mant\u00e9m-se intacto.<\/p>\n<p>As imagens deste v\u00eddeo foram captadas a uns bons quil\u00f3metros de Maranello. Afinal, s\u00f3 h\u00e1 mesmo um pa\u00eds onde circular a mais de 300 km\/h numa autoestrada pode ser algo\u2026 legal.<\/p>\n<p><img loading=\"lazy\" decoding=\"async\" width=\"2498\" height=\"1405\" src=\"data:image\/svg+xml,%3Csvg%20xmlns=\" http:=\"\" alt=\"Ferrari 12Cilindri a fundo - veloc\u00edmetro\" class=\"wp-image-1100809\" data-lazy- data-lazy- data-lazy-src=\"https:\/\/www.europesays.com\/pt\/wp-content\/uploads\/2025\/10\/Ferrari-12Cilindri-Autobahn-AutoTopNL-01.webp.webp\"\/>\u00a9 AutoTopNL \/ YouTube<\/p>\n<p>A equipa do <a href=\"https:\/\/www.youtube.com\/@AutoTopnl\" target=\"_blank\" rel=\"noreferrer noopener nofollow\">canal de YouTube AutoTopNL<\/a> volta a fazer o que sabe melhor, explorar o limite de alguns carros de sonho. E, quando o protagonista \u00e9 um Ferrari 12Cilindri, o resultado s\u00f3 podia ser hipn\u00f3tico. Neste caso, o veloc\u00edmetro registou uns impressionantes 337 km\/h.<\/p>\n<p>Debaixo do cap\u00f4 est\u00e1 um <a href=\"https:\/\/www.razaoautomovel.com\/etiqueta\/V12\" rel=\"nofollow noopener\" target=\"_blank\">V12<\/a> atmosf\u00e9rico de 6,5 litros, o mesmo que anima o Ferrari 812 Superfast, mas com afina\u00e7\u00f5es pr\u00f3prias. Entrega 830 cv \u00e0s rodas traseiras e \u00e9 capaz de atingir as 9500 rpm, um valor que, s\u00f3 por si, dispensa apresenta\u00e7\u00f5es.<\/p>\n<p>Com tra\u00e7\u00e3o traseira, caixa autom\u00e1tica de dupla embraiagem e uma aerodin\u00e2mica mais refinada, o novo 12Cilindri \u00e9, antes de mais, um tributo \u00e0 heran\u00e7a mec\u00e2nica da Ferrari.<\/p>\n<p>E embora j\u00e1 n\u00e3o grite como os Ferrari V12 de outros tempos, h\u00e1 algo neste som que continua a arrepiar. Ou\u00e7am s\u00f3\u2026<\/p>\n<p style=\"font-family: 'Adelle Sans', sans-serif; font-size:15px;font-style:normal;font-weight:400\"><strong>Sobre o \u201cArranque a Frio\u201d.<\/strong> De segunda a sexta-feira na Raz\u00e3o Autom\u00f3vel, h\u00e1 um \u201cArranque a Frio\u201d \u00e0s 7h00 da manh\u00e3. Enquanto bebe o seu caf\u00e9 ou ganha coragem para come\u00e7ar o dia, fique a par de curiosidades, factos hist\u00f3ricos e v\u00eddeos relevantes do mundo autom\u00f3vel. Tudo em menos de 200 palavras.<\/p>\n","protected":false},"excerpt":{"rendered":"Um Ferrari equipado com um motor V12 tem sempre um espa\u00e7o muito especial na nossa audi\u00e7\u00e3o. Pode estar&hellip;\n","protected":false},"author":2,"featured_media":105558,"comment_status":"","ping_status":"","sticky":false,"template":"","format":"standard","meta":{"footnotes":""},"categories":[83],"tags":[990,7204,19515,88,89,90,2193,25369,32,33,11172,227],"class_list":{"0":"post-105557","1":"post","2":"type-post","3":"status-publish","4":"format-standard","5":"has-post-thumbnail","7":"category-empresas","8":"tag-arranque-a-frio","9":"tag-autobahn","10":"tag-autotopnl","11":"tag-business","12":"tag-economy","13":"tag-empresas","14":"tag-ferrari","15":"tag-ferrari-12cilindri","16":"tag-portugal","17":"tag-pt","18":"tag-v12","19":"tag-videos"},"share_on_mastodon":{"url":"","error":""},"_links":{"self":[{"href":"https:\/\/www.europesays.com\/pt\/wp-json\/wp\/v2\/posts\/105557","targetHints":{"allow":["GET"]}}],"collection":[{"href":"https:\/\/www.europesays.com\/pt\/wp-json\/wp\/v2\/posts"}],"about":[{"href":"https:\/\/www.europesays.com\/pt\/wp-json\/wp\/v2\/types\/post"}],"author":[{"embeddable":true,"href":"https:\/\/www.europesays.com\/pt\/wp-json\/wp\/v2\/users\/2"}],"replies":[{"embeddable":true,"href":"https:\/\/www.europesays.com\/pt\/wp-json\/wp\/v2\/comments?post=105557"}],"version-history":[{"count":0,"href":"https:\/\/www.europesays.com\/pt\/wp-json\/wp\/v2\/posts\/105557\/revisions"}],"wp:featuredmedia":[{"embeddable":true,"href":"https:\/\/www.europesays.com\/pt\/wp-json\/wp\/v2\/media\/105558"}],"wp:attachment":[{"href":"https:\/\/www.europesays.com\/pt\/wp-json\/wp\/v2\/media?parent=105557"}],"wp:term":[{"taxonomy":"category","embeddable":true,"href":"https:\/\/www.europesays.com\/pt\/wp-json\/wp\/v2\/categories?post=105557"},{"taxonomy":"post_tag","embeddable":true,"href":"https:\/\/www.europesays.com\/pt\/wp-json\/wp\/v2\/tags?post=105557"}],"curies":[{"name":"wp","href":"https:\/\/api.w.org\/{rel}","templated":true}]}}