{"id":105561,"date":"2025-10-10T21:17:48","date_gmt":"2025-10-10T21:17:48","guid":{"rendered":"https:\/\/www.europesays.com\/pt\/105561\/"},"modified":"2025-10-10T21:17:48","modified_gmt":"2025-10-10T21:17:48","slug":"um-em-cada-tres-portugueses-sofre-de-ansiedade-burnout-ataques-de-panico-ou-depressao","status":"publish","type":"post","link":"https:\/\/www.europesays.com\/pt\/105561\/","title":{"rendered":"Um em cada tr\u00eas portugueses sofre de ansiedade, burnout, ataques de p\u00e2nico ou depress\u00e3o"},"content":{"rendered":"<p>Um em cada tr\u00eas portugueses sofre de <strong>ansiedade, burnout, ataques de p\u00e2nico ou depress\u00e3o<\/strong> e s<strong>\u00f3 17% t\u00eam apoio profissional<\/strong>, indica um estudo divulgado esta quinta-feira. S\u00e3o os jovens adultos e as mulheres que mais relatam sintomas do foro mental.\n<\/p>\n<p>A 2.\u00aa edi\u00e7\u00e3o do <strong>Estudo Nacional de Sa\u00fade &#8211; Estado de Sa\u00fade Geral da Popula\u00e7\u00e3o Portuguesa<\/strong>, desenvolvido pela Marktest para a Medicare, mostra que a sa\u00fade mental continua a ser um desafio e afeta os portugueses de forma muito diferente em fun\u00e7\u00e3o da idade e do g\u00e9neros.\n<\/p>\n<p><a href=\"https:\/\/eur01.safelinks.protection.outlook.com\/?url=https%3A%2F%2Fwww.whatsapp.com%2Fchannel%2F0029Va9ZehDFi8xUl5Fhb93q&amp;data=05%7C02%7Cdiogo.camilo%40rr.pt%7Ca80c159c9b6146ac61ad08dd45376d54%7Cf5bd5f2d48cb4c5ca5990d38b3c419da%7C0%7C0%7C638742826535514861%7CUnknown%7CTWFpbGZsb3d8eyJFbXB0eU1hcGkiOnRydWUsIlYiOiIwLjAuMDAwMCIsIlAiOiJXaW4zMiIsIkFOIjoiTWFpbCIsIldUIjoyfQ%3D%3D%7C0%7C%7C%7C&amp;sdata=Def7HGQLPvLOGO6BMiUixKMU6dcYzHfVFlmxawk%2FDAQ%3D&amp;reserved=0\" rel=\"nofollow noopener\" target=\"_blank\"><strong>J\u00e1 segue a Informa\u00e7\u00e3o da Renascen\u00e7a no WhatsApp? \u00c9 s\u00f3 clicar aqui<\/strong><\/a><\/p>\n<p>Na v\u00e9spera do Dia Mundial da Sa\u00fade Mental, que se assinala a 10 de outubro, este estudo revela que 34,6% dos portugueses entre os 18 e os 64 anos sofreram, nos \u00faltimos 12 meses, sintomas do foro mental.\n<\/p>\n<p>Tal como aconteceu na edi\u00e7\u00e3o de 2023, <strong>h\u00e1 uma incid\u00eancia acima da m\u00e9dia global nos jovens adultos<\/strong>: 49,8% entre os 18 e os 24 anos, e 41,7% entre os 25 e os 34 anos.\n<\/p>\n<p>Pedro Morgado,  coordenador de sa\u00fade mental do norte, diz que a boa not\u00edcia \u00e9 que, \u201capesar de ainda ser elevada percentagem de pessoas que experiencia sintomas de doen\u00e7a psiqui\u00e1trica, <strong>houve uma redu\u00e7\u00e3o: na popula\u00e7\u00e3o em geral a percentagem desce de 39,5% para 34,6%, este ano, e  nos mais jovens a diminui\u00e7\u00e3o \u00e9 muito expressiva<\/strong>.  Nos grupo entre os 18 e os 24 anos t\u00ednhamos valores de 63,6%, no ano anterior, que baixam para cerca de 50% em 2024, o que coloca o nosso pa\u00eds mais pr\u00f3ximo daquilo que s\u00e3o as m\u00e9dias europeias e os dados internacionais\u201d.\n<\/p>\n<p>S\u00f3 uma minoria recebe acompanhamento<\/p>\n<p>Pela negativa, este estudo conclui que h\u00e1 ainda um grande fosso entre a necessidade de apoio psicol\u00f3gico e psiqui\u00e1trico e o acompanhamento efetivo. Apesar de 30% dos portugueses sentirem necessidade de recorrer a um especialista em sa\u00fade mental, <strong>s\u00f3 17% tiveram acompanhamento efetivo<\/strong>.\n<\/p>\n<p>Pedro Morgado diz que h\u00e1, de facto, dificuldades de acesso,  seja por falta de condi\u00e7\u00f5es financeiras para recorrer a profissionais no setor privado, porque n\u00e3o t\u00eam m\u00e9dico de fam\u00edlia ou porque h\u00e1 problemas de referencia\u00e7\u00e3o para os servi\u00e7os de psiquiatria e psicologia.\n<\/p>\n<p>O especialista alerta que tamb\u00e9m <strong>h\u00e1 dificuldades que est\u00e3o relacionadas com o estigma<\/strong>, com o medo, e com o desconhecimento acerca daquilo que se faz numa consulta de psiquiatria. E por isso defende que \u00e9 necess\u00e1rio \u201cpromover a literacia do conhecimento acerca dos sintomas que nos devem levar a procurar ajuda profissional, mas tamb\u00e9m da capacita\u00e7\u00e3o da sociedade para lidar com alguns destes sintomas que n\u00e3o necessitam de apoio profissional&#8221;.\n<\/p>\n<p>&#8220;\u00c9 preciso tamb\u00e9m dizer-se que o experienciar alguns sintomas de ansiedade, o experienciar alguma tristeza n\u00e3o \u00e9 necessariamente uma raz\u00e3o para procurar um profissional de sa\u00fade mental. \u00c9 preciso que os sintomas tenham uma express\u00e3o e um impacto significativo para esse benef\u00edcio existir\u201d, sublinha.\n<\/p>\n<p>Mulheres reportam mais problemas de depress\u00e3o<\/p>\n<p>Este estudo mostra que 41,7% das mulheres reportaram sintomas de ansiedade, burnout e depress\u00e3o, contra apenas 27% dos homens.\n<\/p>\n<p>Uma diferen\u00e7a que resulta \u2013 na opini\u00e3o do psiquiatra que coordena a sa\u00fade mental do norte \u2013 de uma s\u00e9rie de de fatores como, por exemplo, \u201cquest\u00f5es biol\u00f3gicas, quest\u00f5es hormonais relacionadas com a pr\u00f3pria fase do ciclo de vida em que se encontram as mulheres&#8221;.\n<\/p>\n<p>Em segundo lugar, &#8220;quest\u00f5es de organiza\u00e7\u00e3o social, aquilo que n\u00f3s, enquanto sociedade, exigimos \u00e0s mulheres \u00e9 muito maior do que aquilo que esperamos dos homens\u201d .\n<\/p>\n<p>Mas h\u00e1 tamb\u00e9m, alerta Pedro Morgado, existe \u201cuma subnotifica\u00e7\u00e3o e um subdiagn\u00f3stico das situa\u00e7\u00f5es nos homens,  precisamente porque tamb\u00e9m h\u00e1 mais estigma e porque as situa\u00e7\u00f5es de ansiedade e depress\u00e3o no homem apresentam-se de uma forma diferente, muito condicionada por aquilo que s\u00e3o os preconceitos sociais e por aquilo que s\u00e3o os pap\u00e9is de g\u00e9nero que normalmente s\u00e3o atribu\u00eddos a homens e mulheres\u201d.\n<\/p>\n<p>O Estudo Nacional de Sa\u00fade &#8211; Estado de Sa\u00fade Geral da Popula\u00e7\u00e3o Portuguesa tem por base uma amostra de 953 inquiridos,  atrav\u00e9s de entrevistas online, junto de uma amostra representativa e proporcional ao universo em estudo \u2013 portugueses entre os 18 e os 64 anos residentes em Portugal Continental.<\/p>\n","protected":false},"excerpt":{"rendered":"Um em cada tr\u00eas portugueses sofre de ansiedade, burnout, ataques de p\u00e2nico ou depress\u00e3o e s\u00f3 17% t\u00eam&hellip;\n","protected":false},"author":2,"featured_media":105562,"comment_status":"","ping_status":"","sticky":false,"template":"","format":"standard","meta":{"footnotes":""},"categories":[10],"tags":[27,28,15,16,14,25,26,21,22,12,13,19,20,32,23,24,33,17,18,29,30,31],"class_list":{"0":"post-105561","1":"post","2":"type-post","3":"status-publish","4":"format-standard","5":"has-post-thumbnail","7":"category-portugal","8":"tag-breaking-news","9":"tag-breakingnews","10":"tag-featured-news","11":"tag-featurednews","12":"tag-headlines","13":"tag-latest-news","14":"tag-latestnews","15":"tag-main-news","16":"tag-mainnews","17":"tag-news","18":"tag-noticias","19":"tag-noticias-principais","20":"tag-noticiasprincipais","21":"tag-portugal","22":"tag-principais-noticias","23":"tag-principaisnoticias","24":"tag-pt","25":"tag-top-stories","26":"tag-topstories","27":"tag-ultimas","28":"tag-ultimas-noticias","29":"tag-ultimasnoticias"},"share_on_mastodon":{"url":"","error":""},"_links":{"self":[{"href":"https:\/\/www.europesays.com\/pt\/wp-json\/wp\/v2\/posts\/105561","targetHints":{"allow":["GET"]}}],"collection":[{"href":"https:\/\/www.europesays.com\/pt\/wp-json\/wp\/v2\/posts"}],"about":[{"href":"https:\/\/www.europesays.com\/pt\/wp-json\/wp\/v2\/types\/post"}],"author":[{"embeddable":true,"href":"https:\/\/www.europesays.com\/pt\/wp-json\/wp\/v2\/users\/2"}],"replies":[{"embeddable":true,"href":"https:\/\/www.europesays.com\/pt\/wp-json\/wp\/v2\/comments?post=105561"}],"version-history":[{"count":0,"href":"https:\/\/www.europesays.com\/pt\/wp-json\/wp\/v2\/posts\/105561\/revisions"}],"wp:featuredmedia":[{"embeddable":true,"href":"https:\/\/www.europesays.com\/pt\/wp-json\/wp\/v2\/media\/105562"}],"wp:attachment":[{"href":"https:\/\/www.europesays.com\/pt\/wp-json\/wp\/v2\/media?parent=105561"}],"wp:term":[{"taxonomy":"category","embeddable":true,"href":"https:\/\/www.europesays.com\/pt\/wp-json\/wp\/v2\/categories?post=105561"},{"taxonomy":"post_tag","embeddable":true,"href":"https:\/\/www.europesays.com\/pt\/wp-json\/wp\/v2\/tags?post=105561"}],"curies":[{"name":"wp","href":"https:\/\/api.w.org\/{rel}","templated":true}]}}