{"id":105572,"date":"2025-10-10T21:32:16","date_gmt":"2025-10-10T21:32:16","guid":{"rendered":"https:\/\/www.europesays.com\/pt\/105572\/"},"modified":"2025-10-10T21:32:16","modified_gmt":"2025-10-10T21:32:16","slug":"7-camisolas-para-o-outono-que-parecem-de-luxo-mas-sao-zara","status":"publish","type":"post","link":"https:\/\/www.europesays.com\/pt\/105572\/","title":{"rendered":"7 camisolas para o outono que parecem de luxo, mas s\u00e3o&#8230; Zara"},"content":{"rendered":"<p>J\u00e1 come\u00e7amos a sentir as temperaturas mais frias, especialmente durante a noite, isso significa que as camisolas mais quentes t\u00eam de come\u00e7ar a sair do arm\u00e1rio Para esta altura pode ser boa ideia apostar em pe\u00e7as feitas de caxemira e, na Zara, encontras boas op\u00e7\u00f5es.\u00a0<\/p>\n<p>Trata-se de uma mat\u00e9ria prima que tem na origem o pelo das cabras origin\u00e1rias da regi\u00e3o que lhe d\u00e1 o nome, um territ\u00f3rio disputado entre a \u00cdndia e o Paquist\u00e3o, e famosa pela sua suavidade e leveza.\u00a0<\/p>\n<p data-end=\"413\" data-is-last-node=\"\" data-is-only-node=\"\" data-start=\"0\">A caxemira \u00e9 dos materiais mais usados no mundo do luxo, mas tamb\u00e9m come\u00e7a a ser frequente em marcas como a Zara. Por exemplo, entre as novidades da marca espanhola h\u00e1 v\u00e1rias pe\u00e7as em caxemira e com pre\u00e7os que come\u00e7am nos \u20ac69,95.\u00a0<\/p>\n<p data-end=\"413\" data-is-last-node=\"\" data-is-only-node=\"\" data-start=\"0\">Na nova cole\u00e7\u00e3o, destacamos as camisolas mais simples, elegantes e intemporais, ou seja que s\u00e3o ideais para mulheres de qualquer idade e para usar nos mais diferentes ambientes.\u00a0<\/p>\n<p data-end=\"413\" data-is-last-node=\"\" data-is-only-node=\"\" data-start=\"0\">Espreita a galeria de imagens para escolheres as tuas favoritas.\u00a0<\/p>\n","protected":false},"excerpt":{"rendered":"J\u00e1 come\u00e7amos a sentir as temperaturas mais frias, especialmente durante a noite, isso significa que as camisolas mais&hellip;\n","protected":false},"author":2,"featured_media":105573,"comment_status":"","ping_status":"","sticky":false,"template":"","format":"standard","meta":{"footnotes":""},"categories":[85],"tags":[1081,25370,204,114,115,754,186,1079,7562,32,33,2351,1078,1080,3480],"class_list":{"0":"post-105572","1":"post","2":"type-post","3":"status-publish","4":"format-standard","5":"has-post-thumbnail","7":"category-entretenimento","8":"tag-beleza","9":"tag-caxemira","10":"tag-design","11":"tag-entertainment","12":"tag-entretenimento","13":"tag-gastronomia","14":"tag-lifestyle","15":"tag-moda","16":"tag-outono","17":"tag-portugal","18":"tag-pt","19":"tag-tendencias","20":"tag-versa","21":"tag-viagens","22":"tag-zara"},"share_on_mastodon":{"url":"","error":""},"_links":{"self":[{"href":"https:\/\/www.europesays.com\/pt\/wp-json\/wp\/v2\/posts\/105572","targetHints":{"allow":["GET"]}}],"collection":[{"href":"https:\/\/www.europesays.com\/pt\/wp-json\/wp\/v2\/posts"}],"about":[{"href":"https:\/\/www.europesays.com\/pt\/wp-json\/wp\/v2\/types\/post"}],"author":[{"embeddable":true,"href":"https:\/\/www.europesays.com\/pt\/wp-json\/wp\/v2\/users\/2"}],"replies":[{"embeddable":true,"href":"https:\/\/www.europesays.com\/pt\/wp-json\/wp\/v2\/comments?post=105572"}],"version-history":[{"count":0,"href":"https:\/\/www.europesays.com\/pt\/wp-json\/wp\/v2\/posts\/105572\/revisions"}],"wp:featuredmedia":[{"embeddable":true,"href":"https:\/\/www.europesays.com\/pt\/wp-json\/wp\/v2\/media\/105573"}],"wp:attachment":[{"href":"https:\/\/www.europesays.com\/pt\/wp-json\/wp\/v2\/media?parent=105572"}],"wp:term":[{"taxonomy":"category","embeddable":true,"href":"https:\/\/www.europesays.com\/pt\/wp-json\/wp\/v2\/categories?post=105572"},{"taxonomy":"post_tag","embeddable":true,"href":"https:\/\/www.europesays.com\/pt\/wp-json\/wp\/v2\/tags?post=105572"}],"curies":[{"name":"wp","href":"https:\/\/api.w.org\/{rel}","templated":true}]}}