{"id":105578,"date":"2025-10-10T21:35:08","date_gmt":"2025-10-10T21:35:08","guid":{"rendered":"https:\/\/www.europesays.com\/pt\/105578\/"},"modified":"2025-10-10T21:35:08","modified_gmt":"2025-10-10T21:35:08","slug":"macron-volta-a-nomear-sebastien-lecornu-para-primeiro-ministro-franca","status":"publish","type":"post","link":"https:\/\/www.europesays.com\/pt\/105578\/","title":{"rendered":"Macron volta a nomear S\u00e9bastien Lecornu para primeiro-ministro | Fran\u00e7a"},"content":{"rendered":"<p>Emmanuel Macron renomeou, esta sexta-feira \u00e0 noite, S\u00e9bastien Lecornu \u200bcomo primeiro-ministro de Fran\u00e7a.<\/p>\n<p>O an\u00fancio segue-se a uma derradeira reuni\u00e3o entre o Presidente e os principais representantes dos partidos, da esquerda ao centro, esta tarde, no Eliseu. Da\u00ed j\u00e1 tinham sa\u00eddo algumas pistas do que a\u00ed vinha. Sabia-se que o pr\u00f3ximo primeiro-ministro vinha da \u201cbase comum\u201d, composta pelos partidos mais pr\u00f3ximos de Macron e n\u00e3o da esquerda, ignorando os pedidos reiterados para que se encontrasse o pr\u00f3ximo chefe do Governo<a href=\"https:\/\/www.publico.pt\/2025\/10\/09\/mundo\/noticia\/olhos-relogio-macron-pressionado-diferente-2150248\" target=\"_blank\" rel=\"nofollow noopener\"> neste campo pol\u00edtico<\/a>. E que a possibilidade de dissolu\u00e7\u00e3o do Parlamento foi evitada \u2013 por enquanto.<\/p>\n<p>Depois das reuni\u00f5es, ao final da tarde, Emmanuel Macron dizia existir \u201cum caminho poss\u00edvel\u201d para \u201ctecer compromissos e evitar a dissolu\u00e7\u00e3o\u201d<\/p>\n<p>O Presidente franc\u00eas considera que a reuni\u00e3o de sexta-feira com os partidos pol\u00edticos no Pal\u00e1cio do Eliseu \u201cconfirma que existe um caminho poss\u00edvel para tecer compromissos e evitar a dissolu\u00e7\u00e3o\u201d, disse o Presidente, citado pelo Le Monde. <\/p>\n<p>Esquerda estupefacta<\/p>\n<p>A decis\u00e3o de n\u00e3o nomear uma pessoa da esquerda deixou os ecologistas \u201cestupefactos\u201d e os socialistas a acenar com a possibilidade de uma \u201cn\u00e3o confian\u00e7a\u201d ao Governo se a reforma das pens\u00f5es n\u00e3o for suspensa. \u201cN\u00e3o tivemos nenhuma resposta, nem sobre as reformas\u201d, disse o socialista Boris Vallaud, \u00e0 sa\u00edda da reuni\u00e3o, referindo-se ao assunto que o primeiro-ministro cessante, <a href=\"https:\/\/www.publico.pt\/2025\/09\/10\/mundo\/perfil\/sebastien-lecornu-jovem-politico-antiga-chegou-finalmente-matignon-2146711\" target=\"_blank\" rel=\"nofollow noopener\">S\u00e9bastien Lecornu<\/a>, j\u00e1 tinha descrito como o maior \u201cponto de bloqueio\u201d actual.<\/p>\n<p>A reuni\u00e3o aconteceu sem telem\u00f3veis (os l\u00edderes partid\u00e1rios tiveram de os deixar numa caixinha numa sala \u00e0 parte), estendeu-se durante algumas horas e, pelo menos no entender de Laurent Panifous, do Liberdades, Independ\u00eancias, Ultramar e Territ\u00f3rios (partido LIOT na sigla original), todos \u201ctiveram a oportunidade de intervir\u201d e encontraram \u201cum Presidente que escutava\u201d.<\/p>\n<p>        &#13;<\/p>\n<p>&#13;<br \/>\n                &#13;\n            <\/p>\n<p>&#13;<\/p>\n<p>O convite \u2013 enviado \u00e0s 2h da madrugada, o que fez com que muitos s\u00f3 se apercebessem que tinham sido convocados depois de a imprensa o ter noticiado \u2014 excluiu os representantes da Uni\u00e3o Nacional e da Fran\u00e7a Insubmissa, por serem dois partidos que \u201cprocuram a <a href=\"https:\/\/www.publico.pt\/2025\/10\/08\/mundo\/noticia\/lecornu-nota-vontade-forcas-politicas-negociar-orcamento-evitar-dissolucao-2150015\" target=\"_blank\" rel=\"nofollow noopener\">dissolu\u00e7\u00e3o<\/a>\u201d da Assembleia e novas elei\u00e7\u00f5es, justificava esta tarde a equipa de Macron.<\/p>\n<p>Da parte dos primeiros, Jordan Bardella disse que a forma\u00e7\u00e3o de extrema-direita \u201cse honra de n\u00e3o ter sido convidada\u201d porque n\u00e3o est\u00e1 \u201c\u00e0 venda para os macronistas\u201d. Le Pen, que esteve numa ac\u00e7\u00e3o de apoio a bombeiros-sapadores, chamou-lhe uma \u201creuni\u00e3o de mercadores\u201d com o objectivo de \u201cevitar umas elei\u00e7\u00f5es que est\u00e3o na Constitui\u00e7\u00e3o\u201d \u2014 um cen\u00e1rio onde o seu partido sairia previsivelmente beneficiado.<\/p>\n<p>J\u00e1 Jean-Luc Mel\u00e9nchon, da Fran\u00e7a Insubmissa, fala de um \u201cdesfile no Eliseu do qual Emmanuel Macron nos dispensou\u201d, \u201cuma perda de tempo para o pa\u00eds\u201d. Na confer\u00eancia de imprensa que deu na manh\u00e3 desta sexta-feira, voltou a um pedido que tem repetido ao longo dos \u00faltimos dias: um regresso \u00e0s urnas e a demiss\u00e3o antecipada de Emmanuel Macron, \u201cum soldado perdido nas suas aberra\u00e7\u00f5es\u201d.<\/p>\n<p>At\u00e9 agora, ningu\u00e9m \u2013 sem ser o Presidente \u2013 sabia o nome do pr\u00f3ximo primeiro-ministro. O <a href=\"https:\/\/www.leparisien.fr\/politique\/si-ca-ne-marche-pas-il-dissout-car-il-na-pas-de-plan-b-macron-pret-a-mettre-sur-la-table-le-scenario-de-la-dissolution-10-10-2025-IJXD7C7AL5CENDLCJKYERUUZAM.php\" target=\"_blank\" rel=\"nofollow noopener\">Le Parisien<\/a>, que falou com algumas fontes que estiveram reunidas na quinta-feira no Eliseu, chegou a p\u00f4r em cima da mesa a op\u00e7\u00e3o de recondu\u00e7\u00e3o de S\u00e9bastien Lecornu, com um Governo composto principalmente por representantes da sociedade civil e outras figuras do mundo pol\u00edtico, \u201ccom muitos rostos novos\u201d.<\/p>\n<p>Se n\u00e3o for poss\u00edvel chegar a consensos, o Presidente n\u00e3o p\u00f4s de lado a possibilidade de uma dissolu\u00e7\u00e3o. \u201cSe n\u00e3o resultar, \u00e9 a dissolu\u00e7\u00e3o, porque n\u00e3o h\u00e1 plano B\u201d, disse uma das fontes do jornal.<\/p>\n<p>Muitos se op\u00f5em \u00e0 recondu\u00e7\u00e3o de Lecornu, mesmo do campo presidencial. \u00c0 FranceInfo, a ministra demission\u00e1ria da Transi\u00e7\u00e3o Ecol\u00f3gica, Agn\u00e8s Pannier-Runacher alega que \u201cn\u00e3o \u00e9 sobre o m\u00e9rito\u201d de Lecornu, mas sobre a \u201cmensagem que enviamos aos franceses\u201d: \u201cT\u00eam de entender que \u00e9 uma ruptura\u201d, escolhendo uma \u201cpessoa que n\u00e3o \u00e9 do campo macronista\u201d.<\/p>\n<p>Tamb\u00e9m Gabriel Attal, antigo primeiro-ministro de Macron, n\u00e3o apoiou a ideia: pode \u201cproduzir os mesmos efeitos\u201d que j\u00e1 se viram, disse numa entrevista \u00e0 France 2.<\/p>\n","protected":false},"excerpt":{"rendered":"Emmanuel Macron renomeou, esta sexta-feira \u00e0 noite, S\u00e9bastien Lecornu \u200bcomo primeiro-ministro de Fran\u00e7a. O an\u00fancio segue-se a uma&hellip;\n","protected":false},"author":2,"featured_media":105579,"comment_status":"","ping_status":"","sticky":false,"template":"","format":"standard","meta":{"footnotes":""},"categories":[50],"tags":[995,25371,27,28,353,447,15,16,208,14,25,26,21,22,62,12,13,19,20,23,24,18055,17,18,29,30,31,63,64,65],"class_list":{"0":"post-105578","1":"post","2":"type-post","3":"status-publish","4":"format-standard","5":"has-post-thumbnail","7":"category-mundo","8":"tag-abre-conteudo","9":"tag-assembleia-nacional","10":"tag-breaking-news","11":"tag-breakingnews","12":"tag-em-destaque","13":"tag-emmanuel-macron","14":"tag-featured-news","15":"tag-featurednews","16":"tag-franca","17":"tag-headlines","18":"tag-latest-news","19":"tag-latestnews","20":"tag-main-news","21":"tag-mainnews","22":"tag-mundo","23":"tag-news","24":"tag-noticias","25":"tag-noticias-principais","26":"tag-noticiasprincipais","27":"tag-principais-noticias","28":"tag-principaisnoticias","29":"tag-sebastien-lecornu","30":"tag-top-stories","31":"tag-topstories","32":"tag-ultimas","33":"tag-ultimas-noticias","34":"tag-ultimasnoticias","35":"tag-world","36":"tag-world-news","37":"tag-worldnews"},"share_on_mastodon":{"url":"","error":""},"_links":{"self":[{"href":"https:\/\/www.europesays.com\/pt\/wp-json\/wp\/v2\/posts\/105578","targetHints":{"allow":["GET"]}}],"collection":[{"href":"https:\/\/www.europesays.com\/pt\/wp-json\/wp\/v2\/posts"}],"about":[{"href":"https:\/\/www.europesays.com\/pt\/wp-json\/wp\/v2\/types\/post"}],"author":[{"embeddable":true,"href":"https:\/\/www.europesays.com\/pt\/wp-json\/wp\/v2\/users\/2"}],"replies":[{"embeddable":true,"href":"https:\/\/www.europesays.com\/pt\/wp-json\/wp\/v2\/comments?post=105578"}],"version-history":[{"count":0,"href":"https:\/\/www.europesays.com\/pt\/wp-json\/wp\/v2\/posts\/105578\/revisions"}],"wp:featuredmedia":[{"embeddable":true,"href":"https:\/\/www.europesays.com\/pt\/wp-json\/wp\/v2\/media\/105579"}],"wp:attachment":[{"href":"https:\/\/www.europesays.com\/pt\/wp-json\/wp\/v2\/media?parent=105578"}],"wp:term":[{"taxonomy":"category","embeddable":true,"href":"https:\/\/www.europesays.com\/pt\/wp-json\/wp\/v2\/categories?post=105578"},{"taxonomy":"post_tag","embeddable":true,"href":"https:\/\/www.europesays.com\/pt\/wp-json\/wp\/v2\/tags?post=105578"}],"curies":[{"name":"wp","href":"https:\/\/api.w.org\/{rel}","templated":true}]}}