{"id":105588,"date":"2025-10-10T21:42:07","date_gmt":"2025-10-10T21:42:07","guid":{"rendered":"https:\/\/www.europesays.com\/pt\/105588\/"},"modified":"2025-10-10T21:42:07","modified_gmt":"2025-10-10T21:42:07","slug":"lado-obscuro-ex-membro-do-teen-top-c-a-p-faz-revelacao-triste-sobre-os-bastidores-do-k-pop","status":"publish","type":"post","link":"https:\/\/www.europesays.com\/pt\/105588\/","title":{"rendered":"Lado obscuro? Ex-membro do TEEN TOP, C.A.P, faz revela\u00e7\u00e3o triste sobre os bastidores do K-Pop"},"content":{"rendered":"<p>A ind\u00fastria do <a href=\"https:\/\/recreio.com.br\/tags\/k-pop\" target=\"_blank\" rel=\"noopener nofollow\">k-pop<\/a>, uma das mais lucrativos do mundo, como qualquer meio de entretenimento e exposi\u00e7\u00e3o possui seu lado bom e ruim. Comentando sobre o bastidores sombrios que viveu quando ainda era integrante do TEEN TOP, o cantor e compositor\u00a0<strong>C.A.P<\/strong> relatou em entrevista recente uma situa\u00e7\u00e3o triste que viveu.<\/p>\n<p>Em entrevista ao canal do YouTube \u2018All About Jobs\u2019, o artista relembrou abertamente sobre os problemas estruturais que enfrentou sob o contrato exclusivo que assinou com a TEEN Media no debut do <a href=\"https:\/\/en.wikipedia.org\/wiki\/Teen_Top\" target=\"_blank\" rel=\"noopener nofollow\">grupo<\/a> em 2010. Expondo as restri\u00e7\u00f5es que eram impostas nos primeiros anos, ele relata a necessidade de trabalhar em \u201cestabelecimentos de vida noturna\u201d quando n\u00e3o possuem renda o suficiente, ao que s\u00e3o impedidos de fazer trabalhos fora da ag\u00eancia.<\/p>\n<p>\u00a0\u201cDurante o per\u00edodo de contrato de sete anos com suas ag\u00eancias, os \u00eddolos s\u00e3o frequentemente impedidos de se envolver em qualquer trabalho externo, mesmo quando n\u00e3o t\u00eam renda. Como resultado, muitos recorrem a estabelecimentos de vida noturna ou at\u00e9 mesmo hospedam bares para sobreviver.\u201d<\/p>\n<p><a href=\"https:\/\/www.instagram.com\/bangminsu1992\/\" target=\"_blank\" rel=\"noopener nofollow\"><strong>C.A.P <\/strong><\/a>opina sobre a alternativa vi\u00e1vel de um sistema de sal\u00e1rio mensal para <a href=\"https:\/\/recreio.com.br\/noticias\/entretenimento\/hueningkai-do-txt-pede-desculpa-aos-fas-apos-polemica-leia.phtml\" target=\"_blank\" rel=\"noopener nofollow\">idols<\/a>, como acontece com funcion\u00e1rios de escrit\u00f3rio, para que pelo menos possuam uma garantia no in\u00edcio das carreiras.<\/p>\n<blockquote>\n<p>\u201cSe as ag\u00eancias adotassem um modelo assalariado, isso ajudaria a garantir a estabilidade financeira e reduzir a press\u00e3o que os \u00eddolos enfrentam durante o in\u00edcio de suas carreiras\u201d, declara.<\/p>\n<\/blockquote>\n<p>Vale lembrar que em meados de 2023 o artista n\u00e3o renovou seu contrato exclusivo com a gravadora, preferindo assinar com a <a href=\"https:\/\/modenberry.weebly.com\/\" target=\"_blank\" rel=\"noopener nofollow\">MODEN BERRY KOREA<\/a>, assim saindo do TEEN TOP.<\/p>\n<p>  Sobre TEEN TOP <\/p>\n<p>Sob a gerencia da TOP Media, o TEEN TOP estreou em julho 2010 com o \u00e1lbum \u2018Come into the World\u2019, que possu\u00eda \u2018Clap\u2019 como single principal. Formado inicialmente pelos integrantes <strong>Chunji,\u00a0Niel, Ricky, Changjo, L.Joe<\/strong> e <strong>C.A.P,\u00a0<\/strong>mas entre 2017 e 2023 os dois \u00faltimo cantores citados decidiram sair do grupo.\u00a0<\/p>\n<p>Atualmente, o boygroup atua com quatro membros e teve seu \u00faltimo comeback acontecido em 21 de agosto deste ano com o EP \u2018Just 15, Just Teen top\u2019.<\/p>\n<p>\t                                            <script async src=\"\/\/www.instagram.com\/embed.js\"><\/script><\/p>\n","protected":false},"excerpt":{"rendered":"A ind\u00fastria do k-pop, uma das mais lucrativos do mundo, como qualquer meio de entretenimento e exposi\u00e7\u00e3o possui&hellip;\n","protected":false},"author":2,"featured_media":105589,"comment_status":"","ping_status":"","sticky":false,"template":"","format":"standard","meta":{"footnotes":""},"categories":[141],"tags":[25375,114,115,1688,149,150,32,33,16632,14046],"class_list":{"0":"post-105588","1":"post","2":"type-post","3":"status-publish","4":"format-standard","5":"has-post-thumbnail","7":"category-musica","8":"tag-c-a-p","9":"tag-entertainment","10":"tag-entretenimento","11":"tag-k-pop","12":"tag-music","13":"tag-musica","14":"tag-portugal","15":"tag-pt","16":"tag-solista","17":"tag-teen-top"},"share_on_mastodon":{"url":"","error":""},"_links":{"self":[{"href":"https:\/\/www.europesays.com\/pt\/wp-json\/wp\/v2\/posts\/105588","targetHints":{"allow":["GET"]}}],"collection":[{"href":"https:\/\/www.europesays.com\/pt\/wp-json\/wp\/v2\/posts"}],"about":[{"href":"https:\/\/www.europesays.com\/pt\/wp-json\/wp\/v2\/types\/post"}],"author":[{"embeddable":true,"href":"https:\/\/www.europesays.com\/pt\/wp-json\/wp\/v2\/users\/2"}],"replies":[{"embeddable":true,"href":"https:\/\/www.europesays.com\/pt\/wp-json\/wp\/v2\/comments?post=105588"}],"version-history":[{"count":0,"href":"https:\/\/www.europesays.com\/pt\/wp-json\/wp\/v2\/posts\/105588\/revisions"}],"wp:featuredmedia":[{"embeddable":true,"href":"https:\/\/www.europesays.com\/pt\/wp-json\/wp\/v2\/media\/105589"}],"wp:attachment":[{"href":"https:\/\/www.europesays.com\/pt\/wp-json\/wp\/v2\/media?parent=105588"}],"wp:term":[{"taxonomy":"category","embeddable":true,"href":"https:\/\/www.europesays.com\/pt\/wp-json\/wp\/v2\/categories?post=105588"},{"taxonomy":"post_tag","embeddable":true,"href":"https:\/\/www.europesays.com\/pt\/wp-json\/wp\/v2\/tags?post=105588"}],"curies":[{"name":"wp","href":"https:\/\/api.w.org\/{rel}","templated":true}]}}