{"id":105594,"date":"2025-10-10T21:48:03","date_gmt":"2025-10-10T21:48:03","guid":{"rendered":"https:\/\/www.europesays.com\/pt\/105594\/"},"modified":"2025-10-10T21:48:03","modified_gmt":"2025-10-10T21:48:03","slug":"maria-henrique-arrasa-joana-marques-e-colegas-da-renascenca-andam-sem-conteudo-coitaditas","status":"publish","type":"post","link":"https:\/\/www.europesays.com\/pt\/105594\/","title":{"rendered":"Maria Henrique arrasa Joana Marques e colegas da Renascen\u00e7a: \u201cAndam sem conte\u00fado, coitaditas\u201d"},"content":{"rendered":"<p>Maria Henrique arrasa <a href=\"https:\/\/infocul.pt\/joana-latino-deixa-recado-aos-anjos-apos-absolvicao-de-joana-marques-perderam-a-vossa-honra-e-dignidade\/\" rel=\"nofollow noopener\" target=\"_blank\">Joana Marques<\/a> e colegas da Renascen\u00e7a: \u201cAndam sem conte\u00fado, coitaditas\u201d, assinalou.<\/p>\n<p>Atriz reage a novas imita\u00e7\u00f5es e critica falta de criatividade<\/p>\n<p>A atriz <strong>Maria Henrique<\/strong>, com uma longa carreira no teatro e na televis\u00e3o, utilizou as redes sociais para deixar duras cr\u00edticas a <strong>Joana Marques<\/strong> e \u00e0s suas colegas da <strong>Renascen\u00e7a<\/strong>. Num v\u00eddeo partilhado recentemente, a artista mostrou-se visivelmente incomodada com o facto de o seu nome voltar a ser mencionado num programa humor\u00edstico da esta\u00e7\u00e3o.<\/p>\n<p>\u201cAndo preocupada com umas tr\u00eas mo\u00e7as que andam sem conte\u00fado\u201d<\/p>\n<p>Logo no in\u00edcio do v\u00eddeo, Maria Henrique confessou o motivo da sua indigna\u00e7\u00e3o.<br \/><strong>\u201cAndo preocupada com umas tr\u00eas mo\u00e7as que andam sem conte\u00fado, coitaditas.\u201d<\/strong>, afirmou, num tom ir\u00f3nico.<\/p>\n<p>A atriz explicou ainda que a cr\u00edtica surge ap\u00f3s se sentir alvo de imita\u00e7\u00f5es e coment\u00e1rios repetidos nos \u00faltimos tempos.<br \/><strong>\u201cHoje voltaram a pegar no meu nome, e eu come\u00e7o a ficar preocupada, porque sinto que, se calhar, as raparigas devem estar sem conte\u00fado.\u201d<\/strong>, acrescentou.<\/p>\n<p>\u201cElas devem ter que acordar por volta da uma\u201d<\/p>\n<p>Com o seu habitual sarcasmo, Maria Henrique questionou tamb\u00e9m os h\u00e1bitos profissionais das humoristas da Renascen\u00e7a, deixando uma cr\u00edtica direta \u00e0 falta de inova\u00e7\u00e3o nos conte\u00fados.<br \/><strong>\u201cElas devem ter que acordar por volta da uma, porque come\u00e7am a gravar \u00e0s tr\u00eas, n\u00e3o \u00e9?\u201d<\/strong>, ironizou.<\/p>\n<p>Ainda assim, a atriz fez quest\u00e3o de reconhecer o percurso de algumas das profissionais em causa.<br \/><strong>\u201cConhe\u00e7o uma delas, porque essa sim, tem curr\u00edculo na r\u00e1dio. E outra era assistente da Filomena Cautela, uma grande profissional.\u201d<\/strong>, destacou, demonstrando respeito, embora sem abdicar do tom cr\u00edtico.<\/p>\n<p>\u201cAndam desesperadas \u00e0 procura de assunto no Instagram\u201d<\/p>\n<p>Maria Henrique terminou o desabafo refor\u00e7ando a ideia de que as humoristas procuram pol\u00e9micas para alimentar os seus programas.<br \/><strong>\u201cPercebi que quem trabalha com elas anda desesperado \u00e0 procura de assunto no Instagram, de pessoas que nem sequer conhecem, para poder gozar.\u201d<\/strong>, atirou.<\/p>\n<p><a href=\"https:\/\/news.google.com\/publications\/CAAqBwgKMKfIoAswtNK4Aw\" target=\"_blank\" rel=\"noopener noreferrer nofollow\"><img loading=\"lazy\" data-lazyloaded=\"1\" width=\"481\" height=\"161\" decoding=\"async\" src=\"\/wp-content\/uploads\/2024\/02\/GN_siganos.png\" alt=\"Siga-nos no Google News\" style=\"margin-top:20px;\"\/><\/a><\/p>\n","protected":false},"excerpt":{"rendered":"Maria Henrique arrasa Joana Marques e colegas da Renascen\u00e7a: \u201cAndam sem conte\u00fado, coitaditas\u201d, assinalou. Atriz reage a novas&hellip;\n","protected":false},"author":2,"featured_media":105595,"comment_status":"","ping_status":"","sticky":false,"template":"","format":"standard","meta":{"footnotes":""},"categories":[85],"tags":[25376,114,115,25377,2876,25378,32,33],"class_list":{"0":"post-105594","1":"post","2":"type-post","3":"status-publish","4":"format-standard","5":"has-post-thumbnail","7":"category-entretenimento","8":"tag-ana-galvao","9":"tag-entertainment","10":"tag-entretenimento","11":"tag-ines-lopes-goncalves","12":"tag-joana-marques","13":"tag-maria-henrique","14":"tag-portugal","15":"tag-pt"},"share_on_mastodon":{"url":"","error":""},"_links":{"self":[{"href":"https:\/\/www.europesays.com\/pt\/wp-json\/wp\/v2\/posts\/105594","targetHints":{"allow":["GET"]}}],"collection":[{"href":"https:\/\/www.europesays.com\/pt\/wp-json\/wp\/v2\/posts"}],"about":[{"href":"https:\/\/www.europesays.com\/pt\/wp-json\/wp\/v2\/types\/post"}],"author":[{"embeddable":true,"href":"https:\/\/www.europesays.com\/pt\/wp-json\/wp\/v2\/users\/2"}],"replies":[{"embeddable":true,"href":"https:\/\/www.europesays.com\/pt\/wp-json\/wp\/v2\/comments?post=105594"}],"version-history":[{"count":0,"href":"https:\/\/www.europesays.com\/pt\/wp-json\/wp\/v2\/posts\/105594\/revisions"}],"wp:featuredmedia":[{"embeddable":true,"href":"https:\/\/www.europesays.com\/pt\/wp-json\/wp\/v2\/media\/105595"}],"wp:attachment":[{"href":"https:\/\/www.europesays.com\/pt\/wp-json\/wp\/v2\/media?parent=105594"}],"wp:term":[{"taxonomy":"category","embeddable":true,"href":"https:\/\/www.europesays.com\/pt\/wp-json\/wp\/v2\/categories?post=105594"},{"taxonomy":"post_tag","embeddable":true,"href":"https:\/\/www.europesays.com\/pt\/wp-json\/wp\/v2\/tags?post=105594"}],"curies":[{"name":"wp","href":"https:\/\/api.w.org\/{rel}","templated":true}]}}