{"id":105600,"date":"2025-10-10T21:56:10","date_gmt":"2025-10-10T21:56:10","guid":{"rendered":"https:\/\/www.europesays.com\/pt\/105600\/"},"modified":"2025-10-10T21:56:10","modified_gmt":"2025-10-10T21:56:10","slug":"candidata-do-movimento-pombal-independentes-atropelada-no-ultimo-dia-de-campanha-eleitoral","status":"publish","type":"post","link":"https:\/\/www.europesays.com\/pt\/105600\/","title":{"rendered":"Candidata do movimento Pombal Independentes atropelada no \u00faltimo dia de campanha eleitoral"},"content":{"rendered":"<p><strong>Uma das candidatas do movimento \u2018Pombal Independentes\u2019, que integra a lista \u00e0 <\/strong><a href=\"https:\/\/www.freguesia-pombal.pt\/\" target=\"_blank\" rel=\"noreferrer noopener nofollow\"><strong>Junta de Freguesia de Pombal<\/strong><\/a><strong>, foi atropelada esta sexta-feira de manh\u00e3, em Almagreira, tendo sofrido ferimentos graves. O acidente ocorreu no \u00faltimo dia de campanha eleitoral, quando C\u00e1tia Sousa, professora, foi atropelada por um ve\u00edculo pesado.<\/strong><\/p>\n<p>A informa\u00e7\u00e3o foi divulgada atrav\u00e9s de uma publica\u00e7\u00e3o na rede social Facebook do movimento <a href=\"https:\/\/www.facebook.com\/people\/Pombal-Independentes\/100072268365686\/\" target=\"_blank\" rel=\"noreferrer noopener nofollow\">\u2018Pombal Independentes\u2019<\/a>, onde se pode ler que a mulher foi transportada para o Hospital de Leiria:<strong> &#8220;Estamos todos com a C\u00e1tia nesta hora dif\u00edcil e acreditamos que vai ficar bem!&#8221;<\/strong><\/p>\n<p>As restantes a\u00e7\u00f5es que estavam previstas para o resto do dia foram suspensas pelo movimento: <strong>&#8220;Neste momento, o mais importante \u00e9 que a C\u00e1tia recupere o mais rapidamente poss\u00edvel.&#8221;<\/strong><\/p>\n<p><strong>Acompanhe<\/strong><strong> <\/strong><a href=\"https:\/\/sicnoticias.pt\/especiais\/autarquicas\/2025\/resultados?\" target=\"_blank\" rel=\"noreferrer noopener nofollow\"><strong>aqui<\/strong><\/a><strong> <\/strong><strong>os resultados das Elei\u00e7\u00f5es Aut\u00e1rquicas de 2025<\/strong><\/p>\n","protected":false},"excerpt":{"rendered":"Uma das candidatas do movimento \u2018Pombal Independentes\u2019, que integra a lista \u00e0 Junta de Freguesia de Pombal, foi&hellip;\n","protected":false},"author":2,"featured_media":105601,"comment_status":"","ping_status":"","sticky":false,"template":"","format":"standard","meta":{"footnotes":""},"categories":[10],"tags":[27,28,15,16,14,25,26,21,22,12,13,19,20,32,23,24,33,17,18,29,30,31],"class_list":{"0":"post-105600","1":"post","2":"type-post","3":"status-publish","4":"format-standard","5":"has-post-thumbnail","7":"category-portugal","8":"tag-breaking-news","9":"tag-breakingnews","10":"tag-featured-news","11":"tag-featurednews","12":"tag-headlines","13":"tag-latest-news","14":"tag-latestnews","15":"tag-main-news","16":"tag-mainnews","17":"tag-news","18":"tag-noticias","19":"tag-noticias-principais","20":"tag-noticiasprincipais","21":"tag-portugal","22":"tag-principais-noticias","23":"tag-principaisnoticias","24":"tag-pt","25":"tag-top-stories","26":"tag-topstories","27":"tag-ultimas","28":"tag-ultimas-noticias","29":"tag-ultimasnoticias"},"share_on_mastodon":{"url":"","error":""},"_links":{"self":[{"href":"https:\/\/www.europesays.com\/pt\/wp-json\/wp\/v2\/posts\/105600","targetHints":{"allow":["GET"]}}],"collection":[{"href":"https:\/\/www.europesays.com\/pt\/wp-json\/wp\/v2\/posts"}],"about":[{"href":"https:\/\/www.europesays.com\/pt\/wp-json\/wp\/v2\/types\/post"}],"author":[{"embeddable":true,"href":"https:\/\/www.europesays.com\/pt\/wp-json\/wp\/v2\/users\/2"}],"replies":[{"embeddable":true,"href":"https:\/\/www.europesays.com\/pt\/wp-json\/wp\/v2\/comments?post=105600"}],"version-history":[{"count":0,"href":"https:\/\/www.europesays.com\/pt\/wp-json\/wp\/v2\/posts\/105600\/revisions"}],"wp:featuredmedia":[{"embeddable":true,"href":"https:\/\/www.europesays.com\/pt\/wp-json\/wp\/v2\/media\/105601"}],"wp:attachment":[{"href":"https:\/\/www.europesays.com\/pt\/wp-json\/wp\/v2\/media?parent=105600"}],"wp:term":[{"taxonomy":"category","embeddable":true,"href":"https:\/\/www.europesays.com\/pt\/wp-json\/wp\/v2\/categories?post=105600"},{"taxonomy":"post_tag","embeddable":true,"href":"https:\/\/www.europesays.com\/pt\/wp-json\/wp\/v2\/tags?post=105600"}],"curies":[{"name":"wp","href":"https:\/\/api.w.org\/{rel}","templated":true}]}}