{"id":105606,"date":"2025-10-10T21:59:08","date_gmt":"2025-10-10T21:59:08","guid":{"rendered":"https:\/\/www.europesays.com\/pt\/105606\/"},"modified":"2025-10-10T21:59:08","modified_gmt":"2025-10-10T21:59:08","slug":"escultura-da-roma-antiga-viraliza-por-semelhanca-gigantesca-com-lula","status":"publish","type":"post","link":"https:\/\/www.europesays.com\/pt\/105606\/","title":{"rendered":"Escultura da Roma Antiga viraliza por semelhan\u00e7a gigantesca com Lula"},"content":{"rendered":"<p>\t\t<a href=\"http:\/\/www.facebook.com\/sharer\/sharer.php?u=https:\/\/www.diariodocentrodomundo.com.br\/essencial\/escultura-da-roma-antiga-viraliza-por-semelhanca-gigantesca-com-lula\/\" target=\"_blank\" class=\"facebook-share\" rel=\"nofollow noopener\"><\/a><br \/>\n\t\t<a href=\"https:\/\/twitter.com\/share?url=https:\/\/www.diariodocentrodomundo.com.br\/essencial\/escultura-da-roma-antiga-viraliza-por-semelhanca-gigantesca-com-lula\/\" target=\"_blank\" class=\"twitter-share\" rel=\"nofollow noopener\"><\/a><br \/>\n\t\t<a href=\"#\" class=\"whatsapp-share\" data-url=\"https:\/\/www.diariodocentrodomundo.com.br\/essencial\/escultura-da-roma-antiga-viraliza-por-semelhanca-gigantesca-com-lula\/\" data-title=\"Escultura da Roma Antiga viraliza por semelhan\u00e7a gigantesca com Lula\"><\/a><br \/>\n\t<a href=\"https:\/\/www.linkedin.com\/sharing\/share-offsite\/?url=https:\/\/www.diariodocentrodomundo.com.br\/essencial\/escultura-da-roma-antiga-viraliza-por-semelhanca-gigantesca-com-lula\/\" target=\"_blank\" class=\"linkedin-share\" rel=\"nofollow noopener\"><\/a><br \/>\n   <a href=\"https:\/\/www.threads.net\/intent\/post?text=Escultura+da+Roma+Antiga+viraliza+por+semelhan%C3%A7a+gigantesca+com+Lula&amp;url=https%3A%2F%2Fwww.diariodocentrodomundo.com.br%2Fessencial%2Fescultura-da-roma-antiga-viraliza-por-semelhanca-gigantesca-com-lula%2F\" target=\"_blank\" class=\"threads-share\" rel=\"nofollow noopener\"><img decoding=\"async\" class=\"threads-icon perfmatters-lazy\" src=\"https:\/\/www.diariodocentrodomundo.com.br\/wp-content\/themes\/Newsmag\/images\/icons\/threads.svg\"\/><\/a> <\/p>\n<p>            <img fetchpriority=\"high\" decoding=\"async\" class=\"size-full wp-image-1472552\" src=\"https:\/\/www.europesays.com\/pt\/wp-content\/uploads\/2025\/10\/escultura-lula.png\" alt=\"\" width=\"1200\" height=\"720\"  \/>Escultura da Roma Antiga que viralizou por semelhan\u00e7a ao presidente Lula. Foto: reprodu\u00e7\u00e3o<\/p>\n<p>Um busto de bronze do s\u00e9culo III d.C. viralizou entre brasileiros no Instagram por sua not\u00e1vel semelhan\u00e7a com o presidente Luiz In\u00e1cio Lula da Silva. A imagem foi publicada pelo perfil especializado em Roma Antiga @decimusclaudius e rapidamente atraiu milhares de intera\u00e7\u00f5es de usu\u00e1rios do Brasil. A postagem, que normalmente recebe algumas centenas de curtidas, acumulou mais de 8.600 e 1.700 coment\u00e1rios.<\/p>\n<p>A escultura pertence ao acervo do Metropolitan Museum of Art em Nova York e data do per\u00edodo entre 200 d.C. e 250 d.C. Com 22,2 cm de altura, o busto retrata um homem n\u00e3o identificado com barba e cabelos curtos, caracter\u00edsticas t\u00edpicas do s\u00e9culo III. O museu destaca que a obra \u201cexibe um alto grau de caracteriza\u00e7\u00e3o individual\u201d, mas n\u00e3o representa nenhuma figura hist\u00f3rica conhecida.<\/p>\n<p>Os coment\u00e1rios dos brasileiros brincam com a semelhan\u00e7a. \u201cLudovicus Ignatius\u201d, sugeriu um usu\u00e1rio, latinizando o nome do presidente. Outros escreveram \u201cFazuelius\u201d e \u201cFaz o 50\u201d, em refer\u00eancia ao algarismo romano L. A express\u00e3o \u201cNunca antes na hist\u00f3ria deste imp\u00e9rio\u201d tamb\u00e9m apareceu, parodiando falas caracter\u00edsticas de Lula.<\/p>\n<p>Tanto apoiadores quanto opositores do presidente participaram da brincadeira nas redes sociais. A escultura, que j\u00e1 pertenceu a uma cole\u00e7\u00e3o privada em Roma antes de ser adquirida pelo Metropolitan em 1913, tornou-se inadvertidamente o centro de uma discuss\u00e3o humor\u00edstica que conecta a antiguidade cl\u00e1ssica com a pol\u00edtica brasileira contempor\u00e2nea.<\/p>\n<blockquote class=\"instagram-media\" style=\"background: #FFF; border: 0; border-radius: 3px; box-shadow: 0 0 1px 0 rgba(0,0,0,0.5),0 1px 10px 0 rgba(0,0,0,0.15); margin: 1px; max-width: 540px; min-width: 326px; padding: 0; width: calc(100% - 2px);\" data-instgrm-captioned=\"\" data-instgrm-permalink=\"https:\/\/www.instagram.com\/p\/DPSTv3-ET65\/?utm_source=ig_embed&amp;utm_campaign=loading\" data-instgrm-version=\"14\">\n<\/blockquote>\n<p>        <script async src=\"https:\/\/platform.twitter.com\/widgets.js\" charset=\"utf-8\"><\/script><script async src=\"\/\/www.instagram.com\/embed.js\"><\/script><\/p>\n","protected":false},"excerpt":{"rendered":"Escultura da Roma Antiga que viralizou por semelhan\u00e7a ao presidente Lula. Foto: reprodu\u00e7\u00e3o Um busto de bronze do&hellip;\n","protected":false},"author":2,"featured_media":105607,"comment_status":"","ping_status":"","sticky":false,"template":"","format":"standard","meta":{"footnotes":""},"categories":[144],"tags":[207,205,206,203,201,202,204,114,115,32,33],"class_list":{"0":"post-105606","1":"post","2":"type-post","3":"status-publish","4":"format-standard","5":"has-post-thumbnail","7":"category-arte-e-design","8":"tag-arte","9":"tag-arte-e-design","10":"tag-artedesign","11":"tag-arts","12":"tag-arts-and-design","13":"tag-artsanddesign","14":"tag-design","15":"tag-entertainment","16":"tag-entretenimento","17":"tag-portugal","18":"tag-pt"},"share_on_mastodon":{"url":"","error":""},"_links":{"self":[{"href":"https:\/\/www.europesays.com\/pt\/wp-json\/wp\/v2\/posts\/105606","targetHints":{"allow":["GET"]}}],"collection":[{"href":"https:\/\/www.europesays.com\/pt\/wp-json\/wp\/v2\/posts"}],"about":[{"href":"https:\/\/www.europesays.com\/pt\/wp-json\/wp\/v2\/types\/post"}],"author":[{"embeddable":true,"href":"https:\/\/www.europesays.com\/pt\/wp-json\/wp\/v2\/users\/2"}],"replies":[{"embeddable":true,"href":"https:\/\/www.europesays.com\/pt\/wp-json\/wp\/v2\/comments?post=105606"}],"version-history":[{"count":0,"href":"https:\/\/www.europesays.com\/pt\/wp-json\/wp\/v2\/posts\/105606\/revisions"}],"wp:featuredmedia":[{"embeddable":true,"href":"https:\/\/www.europesays.com\/pt\/wp-json\/wp\/v2\/media\/105607"}],"wp:attachment":[{"href":"https:\/\/www.europesays.com\/pt\/wp-json\/wp\/v2\/media?parent=105606"}],"wp:term":[{"taxonomy":"category","embeddable":true,"href":"https:\/\/www.europesays.com\/pt\/wp-json\/wp\/v2\/categories?post=105606"},{"taxonomy":"post_tag","embeddable":true,"href":"https:\/\/www.europesays.com\/pt\/wp-json\/wp\/v2\/tags?post=105606"}],"curies":[{"name":"wp","href":"https:\/\/api.w.org\/{rel}","templated":true}]}}