{"id":105608,"date":"2025-10-10T22:00:19","date_gmt":"2025-10-10T22:00:19","guid":{"rendered":"https:\/\/www.europesays.com\/pt\/105608\/"},"modified":"2025-10-10T22:00:19","modified_gmt":"2025-10-10T22:00:19","slug":"venda-de-livros-aumenta-37-no-terceiro-trimestre-face-ao-mesmo-periodo-de-2024","status":"publish","type":"post","link":"https:\/\/www.europesays.com\/pt\/105608\/","title":{"rendered":"Venda de livros aumenta 3,7% no terceiro trimestre face ao mesmo per\u00edodo de 2024"},"content":{"rendered":"<p class=\"category\"><a href=\"https:\/\/sicnoticias.pt\/economia\" rel=\"nofollow noopener\" target=\"_blank\">Economia<\/a><\/p>\n<p>A subida do n\u00famero de unidades vendidas foi registada apesar do aumento do pre\u00e7o m\u00e9dio do livro em 1,2%, para os 14,53 euros, em rela\u00e7\u00e3o aos pre\u00e7os m\u00e9dios do terceiro trimestre do ano passado.<\/p>\n<p><img decoding=\"async\" src=\"https:\/\/www.europesays.com\/pt\/wp-content\/uploads\/2025\/10\/1760133619_358_original.webp\" alt=\"Venda de livros aumenta 3,7% no terceiro trimestre face ao mesmo per\u00edodo de 2024\"\/><\/p>\n<p>agrobacter<\/p>\n<p><strong>A venda de livros em Portugal no terceiro trimestre deste ano cresceu mais de 3% em compara\u00e7\u00e3o com o mesmo per\u00edodo de 2024, o que se traduziu na venda de mais de 3,6 milh\u00f5es de livros.<\/strong><\/p>\n<p>As <strong>vendas traduziram-se num encaixe financeiro de 52,640 milh\u00f5es de euros<\/strong>, mais 5% face ao terceiro trimestre de 2024, de acordo com os dados disponibilizados \u00e0 APEL pela Gfk, entidade independente que faz auditoria e contagem das vendas de livros ao longo do ano.<\/p>\n<p>A <strong>subida do n\u00famero de unidades vendidas foi registada apesar do aumento do pre\u00e7o m\u00e9dio do livro<\/strong> em 1,2%, para os 14,53 euros, em rela\u00e7\u00e3o aos pre\u00e7os m\u00e9dios do terceiro trimestre do ano passado.<\/p>\n<p>Quanto aos pontos de venda, 77,4% dos livros, neste terceiro trimestre, <strong>foram vendidos por livrarias, enquanto 22,6%, por hipermercados.<\/strong><\/p>\n<p>G\u00e9nero mais procurado foi a fic\u00e7\u00e3o<\/p>\n<p>Por categoria, o <strong>g\u00e9nero mais procurado foi a fic\u00e7\u00e3o, <\/strong>com o maior n\u00famero de unidades vendidas &#8211; 35,5% do total -, a um pre\u00e7o m\u00e9dio de 16,94 euros, o que representa a maior &#8216;fatia&#8217; do volume de vendas, 41,4%.<\/p>\n<p>Em segundo lugar, <strong>est\u00e1 a literatura infantojuvenil,<\/strong> com um peso de 33,1% do mercado, em n\u00famero de livros vendidos, a um pre\u00e7o m\u00e9dio de 11,63 euros por unidade, o que se traduz em 26,5% do valor total das vendas.<\/p>\n<p>A venda de livros de <strong>n\u00e3o-fic\u00e7\u00e3o representou 28,2%, em unidades<\/strong>, a um pre\u00e7o m\u00e9dio de 16,07 euros, para 31,2% do valor do mercado.<\/p>\n<p>O g\u00e9nero menos representativo &#8211; campanhas e exclusivos &#8211; contribuiu com 3,1% em n\u00famero de unidades vendidas, 0,9% do valor final apurado, tendo o pre\u00e7o m\u00e9dio destas publica\u00e7\u00f5es rondado os 4,09 euros.<\/p>\n<p>Os n\u00fameros globais deste terceiro trimestre, <strong>traduzem ainda um crescimento em rela\u00e7\u00e3o ao trimestre anterior <\/strong>(abril-junho de 2025), quando foram vendidos perto de 3,278 milh\u00f5es de livros, num total de 47,683 milh\u00f5es de euros.<\/p>\n","protected":false},"excerpt":{"rendered":"Economia A subida do n\u00famero de unidades vendidas foi registada apesar do aumento do pre\u00e7o m\u00e9dio do livro&hellip;\n","protected":false},"author":2,"featured_media":105609,"comment_status":"","ping_status":"","sticky":false,"template":"","format":"standard","meta":{"footnotes":""},"categories":[143],"tags":[169,114,115,170,32,33],"class_list":{"0":"post-105608","1":"post","2":"type-post","3":"status-publish","4":"format-standard","5":"has-post-thumbnail","7":"category-livros","8":"tag-books","9":"tag-entertainment","10":"tag-entretenimento","11":"tag-livros","12":"tag-portugal","13":"tag-pt"},"share_on_mastodon":{"url":"","error":""},"_links":{"self":[{"href":"https:\/\/www.europesays.com\/pt\/wp-json\/wp\/v2\/posts\/105608","targetHints":{"allow":["GET"]}}],"collection":[{"href":"https:\/\/www.europesays.com\/pt\/wp-json\/wp\/v2\/posts"}],"about":[{"href":"https:\/\/www.europesays.com\/pt\/wp-json\/wp\/v2\/types\/post"}],"author":[{"embeddable":true,"href":"https:\/\/www.europesays.com\/pt\/wp-json\/wp\/v2\/users\/2"}],"replies":[{"embeddable":true,"href":"https:\/\/www.europesays.com\/pt\/wp-json\/wp\/v2\/comments?post=105608"}],"version-history":[{"count":0,"href":"https:\/\/www.europesays.com\/pt\/wp-json\/wp\/v2\/posts\/105608\/revisions"}],"wp:featuredmedia":[{"embeddable":true,"href":"https:\/\/www.europesays.com\/pt\/wp-json\/wp\/v2\/media\/105609"}],"wp:attachment":[{"href":"https:\/\/www.europesays.com\/pt\/wp-json\/wp\/v2\/media?parent=105608"}],"wp:term":[{"taxonomy":"category","embeddable":true,"href":"https:\/\/www.europesays.com\/pt\/wp-json\/wp\/v2\/categories?post=105608"},{"taxonomy":"post_tag","embeddable":true,"href":"https:\/\/www.europesays.com\/pt\/wp-json\/wp\/v2\/tags?post=105608"}],"curies":[{"name":"wp","href":"https:\/\/api.w.org\/{rel}","templated":true}]}}