{"id":105621,"date":"2025-10-10T22:09:12","date_gmt":"2025-10-10T22:09:12","guid":{"rendered":"https:\/\/www.europesays.com\/pt\/105621\/"},"modified":"2025-10-10T22:09:12","modified_gmt":"2025-10-10T22:09:12","slug":"trump-ameaca-china-com-aumento-macico-das-tarifas-e-afasta-reuniao-com-xi-jinping","status":"publish","type":"post","link":"https:\/\/www.europesays.com\/pt\/105621\/","title":{"rendered":"Trump amea\u00e7a China com &#8220;aumento maci\u00e7o&#8221; das tarifas e afasta reuni\u00e3o com Xi Jinping"},"content":{"rendered":"<p>\t                &#8220;Nunca pensei que chegaria a este ponto, mas talvez, como tudo na vida, tenha chegado a hora&#8221;, escreveu o presidente americano na Truth Social<\/p>\n<p style=\"margin-bottom:11px\">Donald Trump amea\u00e7ou esta sexta-feira a China com um \u201caumento maci\u00e7o\u201d das tarifas.<\/p>\n<p>Numa longa publica\u00e7\u00e3o na rede social Truth Social, o presidente dos EUA acusou Pequim de se estar a tornar \u201cmuito hostil\u201d para o resto do mundo ao querer \u201cimpor controlos de exporta\u00e7\u00e3o sobre todos os elementos de produ\u00e7\u00e3o relacionados com terras raras e praticamente tudo o que lhes vier \u00e0 cabe\u00e7a, mesmo que n\u00e3o seja fabricado na China&#8221;.<\/p>\n<p>\u201cFomos contactados por outros pa\u00edses que est\u00e3o extremamente irritados com esta grande hostilidade comercial, que surgiu do nada. A nossa rela\u00e7\u00e3o com a China nos \u00faltimos seis meses tem sido muito boa, tornando esta medida comercial ainda mais surpreendente\u201d, escreveu Donald Trump.<\/p>\n<p>\u201cN\u00e3o h\u00e1 como permitir que a China mantenha o mundo &#8216;ref\u00e9m&#8217;, mas parece que esse tem sido o seu plano h\u00e1 j\u00e1 algum tempo\u201d, acrescentou o presidente americano, que adiantou que estava a planear encontrar-se com Xi Jinping dentro de duas semanas na pr\u00f3xima reuni\u00e3o do F\u00f3rum Econ\u00f3mico de Coopera\u00e7\u00e3o \u00c1sia-Pac\u00edfico (APEC), na Coreia do Sul, mas que agora \u201cparece n\u00e3o haver motivo para isso\u201d.<\/p>\n<p>\u201cNunca pensei que chegaria a este ponto, mas talvez, como tudo na vida, tenha chegado a hora. No fim de contas, embora possa ser doloroso, ser\u00e1 algo muito bom para os EUA. Uma das pol\u00edticas que estamos a considerar neste momento \u00e9 um aumento maci\u00e7o das tarifas sobre os produtos chineses que entram nos Estados Unidos da Am\u00e9rica\u201d, amea\u00e7ou Trump.<\/p>\n<p>Este \u00e9 mais um epis\u00f3dio do frente a frente entre EUA e China sobre o com\u00e9rcio. Desde a tomada de posse de Trump at\u00e9 abril, os dois pa\u00edses andaram de retalia\u00e7\u00e3o em retalia\u00e7\u00e3o. Nesse m\u00eas, os EUA impuseram tarifas de 145% aos produtos chineses. A China respondeu com tarifas de 125%.<\/p>\n<p>A 12 de maio, a tens\u00e3o desescalou ap\u00f3s uma reuni\u00e3o de delega\u00e7\u00f5es dos dois pa\u00edses em Genebra, da qual saiu um entendimento para a redu\u00e7\u00e3o das tarifas aplicadas mutuamente durante 90 dias. Os dois pa\u00edses voltaram a reunir-se no final de julho, desta vez em Estocolmo, onde concordaram em prolongar a tr\u00e9gua.<\/p>\n","protected":false},"excerpt":{"rendered":"&#8220;Nunca pensei que chegaria a este ponto, mas talvez, como tudo na vida, tenha chegado a hora&#8221;, escreveu&hellip;\n","protected":false},"author":2,"featured_media":105622,"comment_status":"","ping_status":"","sticky":false,"template":"","format":"standard","meta":{"footnotes":""},"categories":[50],"tags":[609,836,611,27,28,358,607,608,333,832,604,135,610,92,476,15,16,301,830,14,603,25,26,570,21,22,831,833,62,834,12,13,19,20,835,602,52,32,23,24,717,25382,25380,25381,17,18,2183,29,30,31,63,64,65,7719],"class_list":{"0":"post-105621","1":"post","2":"type-post","3":"status-publish","4":"format-standard","5":"has-post-thumbnail","7":"category-mundo","8":"tag-alerta","9":"tag-analise","10":"tag-ao-minuto","11":"tag-breaking-news","12":"tag-breakingnews","13":"tag-china","14":"tag-cnn","15":"tag-cnn-portugal","16":"tag-comentadores","17":"tag-costa","18":"tag-crime","19":"tag-desporto","20":"tag-direto","21":"tag-donald-trump","22":"tag-economia","23":"tag-featured-news","24":"tag-featurednews","25":"tag-governo","26":"tag-guerra","27":"tag-headlines","28":"tag-justica","29":"tag-latest-news","30":"tag-latestnews","31":"tag-live","32":"tag-main-news","33":"tag-mainnews","34":"tag-mais-vistas","35":"tag-marcelo","36":"tag-mundo","37":"tag-negocios","38":"tag-news","39":"tag-noticias","40":"tag-noticias-principais","41":"tag-noticiasprincipais","42":"tag-opiniao","43":"tag-pais","44":"tag-politica","45":"tag-portugal","46":"tag-principais-noticias","47":"tag-principaisnoticias","48":"tag-tarifas","49":"tag-tarifas-china","50":"tag-tarifas-eua","51":"tag-tarifas-trump","52":"tag-top-stories","53":"tag-topstories","54":"tag-trump","55":"tag-ultimas","56":"tag-ultimas-noticias","57":"tag-ultimasnoticias","58":"tag-world","59":"tag-world-news","60":"tag-worldnews","61":"tag-xi-jinping"},"share_on_mastodon":{"url":"","error":""},"_links":{"self":[{"href":"https:\/\/www.europesays.com\/pt\/wp-json\/wp\/v2\/posts\/105621","targetHints":{"allow":["GET"]}}],"collection":[{"href":"https:\/\/www.europesays.com\/pt\/wp-json\/wp\/v2\/posts"}],"about":[{"href":"https:\/\/www.europesays.com\/pt\/wp-json\/wp\/v2\/types\/post"}],"author":[{"embeddable":true,"href":"https:\/\/www.europesays.com\/pt\/wp-json\/wp\/v2\/users\/2"}],"replies":[{"embeddable":true,"href":"https:\/\/www.europesays.com\/pt\/wp-json\/wp\/v2\/comments?post=105621"}],"version-history":[{"count":0,"href":"https:\/\/www.europesays.com\/pt\/wp-json\/wp\/v2\/posts\/105621\/revisions"}],"wp:featuredmedia":[{"embeddable":true,"href":"https:\/\/www.europesays.com\/pt\/wp-json\/wp\/v2\/media\/105622"}],"wp:attachment":[{"href":"https:\/\/www.europesays.com\/pt\/wp-json\/wp\/v2\/media?parent=105621"}],"wp:term":[{"taxonomy":"category","embeddable":true,"href":"https:\/\/www.europesays.com\/pt\/wp-json\/wp\/v2\/categories?post=105621"},{"taxonomy":"post_tag","embeddable":true,"href":"https:\/\/www.europesays.com\/pt\/wp-json\/wp\/v2\/tags?post=105621"}],"curies":[{"name":"wp","href":"https:\/\/api.w.org\/{rel}","templated":true}]}}