{"id":105625,"date":"2025-10-10T22:13:10","date_gmt":"2025-10-10T22:13:10","guid":{"rendered":"https:\/\/www.europesays.com\/pt\/105625\/"},"modified":"2025-10-10T22:13:10","modified_gmt":"2025-10-10T22:13:10","slug":"obra-do-primeiro-brasileiro-a-expor-no-louvre-e-adquirida-pelo-museum-of-contemporary-art-chicago","status":"publish","type":"post","link":"https:\/\/www.europesays.com\/pt\/105625\/","title":{"rendered":"Obra do primeiro brasileiro a expor no Louvre \u00e9 adquirida pelo Museum of Contemporary Art Chicago"},"content":{"rendered":"<p>A negocia\u00e7\u00e3o foi conduzida pela galeria nova-iorquina Luhring Augustine e comemorada pelo Instituto Tunga como marco importante na preserva\u00e7\u00e3o da obra do artista. A pe\u00e7a, que completa 50 anos em breve, j\u00e1 circulou por exposi\u00e7\u00f5es em Nova York, Fl\u00f3rida e, mais recentemente, no Brasil, onde foi destaque na mostra Conjun\u00e7\u00f5es Magn\u00e9ticas, no <a href=\"https:\/\/www.estadao.com.br\/tudo-sobre\/itau-cultural\/?srsltid=AfmBOoqSIOddbo5WsoWUKYfGPrG-Yxvsjc6psjtK7dq3oqTXhS6nb8gX\" target=\"_blank\" rel=\"nofollow noopener\" title=\"https:\/\/www.estadao.com.br\/tudo-sobre\/itau-cultural\/?srsltid=AfmBOoqSIOddbo5WsoWUKYfGPrG-Yxvsjc6psjtK7dq3oqTXhS6nb8gX\">Ita\u00fa Cultural<\/a>, em 2022.<\/p>\n<p>Pernambucano de Palmares, Tunga (1952\u20132016) estreou no circuito art\u00edstico aos 18 anos, no <a href=\"https:\/\/www.estadao.com.br\/tudo-sobre\/mam-rio-museu-de-arte-moderna-do-rio-de-janeiro\/?srsltid=AfmBOooQKKzmgzO1LM-_KWfedWsCIadNGNF-y16-FoIBNPjKiVjIsOL7\" target=\"_blank\" rel=\"nofollow noopener\" title=\"https:\/\/www.estadao.com.br\/tudo-sobre\/mam-rio-museu-de-arte-moderna-do-rio-de-janeiro\/?srsltid=AfmBOooQKKzmgzO1LM-_KWfedWsCIadNGNF-y16-FoIBNPjKiVjIsOL7\">MAM Rio<\/a>, e entrou para a hist\u00f3ria em 2005 como o primeiro brasileiro a expor no <a href=\"https:\/\/www.estadao.com.br\/tudo-sobre\/museu-do-louvre\/?srsltid=AfmBOoqjuzFyKk6Csh3apYx_5qkAQAO4fehOaRYDRUy2FKulaORGkuVu\" target=\"_blank\" rel=\"nofollow noopener\" title=\"https:\/\/www.estadao.com.br\/tudo-sobre\/museu-do-louvre\/?srsltid=AfmBOoqjuzFyKk6Csh3apYx_5qkAQAO4fehOaRYDRUy2FKulaORGkuVu\">Louvre<\/a>, com a instala\u00e7\u00e3o \u00c0 la Lumi\u00e8re des Deux Mondes. Com passagens marcantes por Cannes, onde recebeu a Palma de Ouro, e pr\u00eamios como APCA e Jabuti no curr\u00edculo, tem obras em acervos de peso: MoMA, Tate, Centre Pompidou, Guggenheim Veneza\u2026 e agora, tamb\u00e9m, o MCA Chicago.<\/p>\n<p>Leia outras not\u00edcias na Coluna Alice Ferraz<\/p>\n","protected":false},"excerpt":{"rendered":"A negocia\u00e7\u00e3o foi conduzida pela galeria nova-iorquina Luhring Augustine e comemorada pelo Instituto Tunga como marco importante na&hellip;\n","protected":false},"author":2,"featured_media":105626,"comment_status":"","ping_status":"","sticky":false,"template":"","format":"standard","meta":{"footnotes":""},"categories":[144],"tags":[207,205,206,203,201,202,204,114,115,8070,32,33],"class_list":{"0":"post-105625","1":"post","2":"type-post","3":"status-publish","4":"format-standard","5":"has-post-thumbnail","7":"category-arte-e-design","8":"tag-arte","9":"tag-arte-e-design","10":"tag-artedesign","11":"tag-arts","12":"tag-arts-and-design","13":"tag-artsanddesign","14":"tag-design","15":"tag-entertainment","16":"tag-entretenimento","17":"tag-null","18":"tag-portugal","19":"tag-pt"},"share_on_mastodon":{"url":"","error":""},"_links":{"self":[{"href":"https:\/\/www.europesays.com\/pt\/wp-json\/wp\/v2\/posts\/105625","targetHints":{"allow":["GET"]}}],"collection":[{"href":"https:\/\/www.europesays.com\/pt\/wp-json\/wp\/v2\/posts"}],"about":[{"href":"https:\/\/www.europesays.com\/pt\/wp-json\/wp\/v2\/types\/post"}],"author":[{"embeddable":true,"href":"https:\/\/www.europesays.com\/pt\/wp-json\/wp\/v2\/users\/2"}],"replies":[{"embeddable":true,"href":"https:\/\/www.europesays.com\/pt\/wp-json\/wp\/v2\/comments?post=105625"}],"version-history":[{"count":0,"href":"https:\/\/www.europesays.com\/pt\/wp-json\/wp\/v2\/posts\/105625\/revisions"}],"wp:featuredmedia":[{"embeddable":true,"href":"https:\/\/www.europesays.com\/pt\/wp-json\/wp\/v2\/media\/105626"}],"wp:attachment":[{"href":"https:\/\/www.europesays.com\/pt\/wp-json\/wp\/v2\/media?parent=105625"}],"wp:term":[{"taxonomy":"category","embeddable":true,"href":"https:\/\/www.europesays.com\/pt\/wp-json\/wp\/v2\/categories?post=105625"},{"taxonomy":"post_tag","embeddable":true,"href":"https:\/\/www.europesays.com\/pt\/wp-json\/wp\/v2\/tags?post=105625"}],"curies":[{"name":"wp","href":"https:\/\/api.w.org\/{rel}","templated":true}]}}