{"id":105627,"date":"2025-10-10T22:15:10","date_gmt":"2025-10-10T22:15:10","guid":{"rendered":"https:\/\/www.europesays.com\/pt\/105627\/"},"modified":"2025-10-10T22:15:10","modified_gmt":"2025-10-10T22:15:10","slug":"lula-defendeu-a-trump-saida-diplomatica-para-venezuela-10-10-2025-mundo","status":"publish","type":"post","link":"https:\/\/www.europesays.com\/pt\/105627\/","title":{"rendered":"Lula defendeu a Trump sa\u00edda diplom\u00e1tica para Venezuela &#8211; 10\/10\/2025 &#8211; Mundo"},"content":{"rendered":"<p>O presidente Luiz In\u00e1cio <a href=\"https:\/\/www1.folha.uol.com.br\/folha-topicos\/lula\/\" rel=\"nofollow noopener\" target=\"_blank\">Lula<\/a> da Silva discutiu brevemente a situa\u00e7\u00e3o da <a href=\"https:\/\/www1.folha.uol.com.br\/folha-topicos\/venezuela\/\" rel=\"nofollow noopener\" target=\"_blank\">Venezuela<\/a> com <a href=\"https:\/\/www1.folha.uol.com.br\/folha-topicos\/donald-trump\/\" rel=\"nofollow noopener\" target=\"_blank\">Donald Trump<\/a>, durante a<a href=\"https:\/\/www1.folha.uol.com.br\/mercado\/2025\/10\/trump-diz-que-ligacao-com-lula-foi-muito-boa-teve-foco-na-economia-e-que-os-dois-devem-se-encontrar.shtml\" rel=\"nofollow noopener\" target=\"\"> liga\u00e7\u00e3o que mantiveram na segunda-feira (6)<\/a>, e afirmou que qualquer solu\u00e7\u00e3o para a crise no pa\u00eds vizinho deve ser pac\u00edfica e diplom\u00e1tica.<\/p>\n<p>De acordo com pessoas com conhecimento da conversa, Lula disse que ele e Trump deveriam tratar da situa\u00e7\u00e3o venezuelana oportunamente.<\/p>\n<p>O presidente brasileiro tamb\u00e9m refor\u00e7ou alguns argumentos j\u00e1 apresentados por auxiliares em discuss\u00f5es com autoridades americanas: o de que o governo do Brasil cobrou reiteradamente a apresenta\u00e7\u00e3o das atas eleitorais do pleito de 2024 \u2014 <a href=\"https:\/\/www1.folha.uol.com.br\/mundo\/2024\/08\/supremo-da-venezuela-chancela-contestada-reeleicao-de-maduro.shtml\" rel=\"nofollow noopener\" target=\"\">nunca fornecidas pelo chavismo<\/a>.<\/p>\n<p>Nesse momento, o petista afirmou a Trump que n\u00e3o conversa com <a href=\"https:\/\/www1.folha.uol.com.br\/folha-topicos\/nicolas-maduro\/\" rel=\"nofollow noopener\" target=\"_blank\">Nicol\u00e1s Maduro<\/a> desde a vota\u00e7\u00e3o que deu ao ditador mais um mandato, sob amplas evid\u00eancias de fraudes.<\/p>\n<p>O assunto ganhou mais proje\u00e7\u00e3o internacional nesta sexta-feira (10), com a <a href=\"https:\/\/www1.folha.uol.com.br\/mundo\/2025\/10\/comite-frustra-trump-e-nobel-da-paz-premia-maria-corina-machado.shtml\" rel=\"nofollow noopener\" target=\"\">decis\u00e3o do comit\u00ea do Nobel da Paz de premiar Mar\u00eda Corina Machado<\/a>, l\u00edder opositora venezuelana e que foi impedida pelo regime de concorrer com Maduro em julho passado. A l\u00e1urea, ali\u00e1s, era uma obsess\u00e3o para Trump.<\/p>\n<p>Os presidentes do Brasil e dos <a href=\"https:\/\/www1.folha.uol.com.br\/folha-topicos\/estados-unidos\/\" rel=\"nofollow noopener\" target=\"_blank\">Estados Unidos<\/a> conversaram por cerca de 30 minutos na manh\u00e3 de segunda-feira. Na ocasi\u00e3o, <a href=\"https:\/\/www1.folha.uol.com.br\/mercado\/2025\/10\/lula-pede-retirada-de-tarifaco-a-trump-e-combina-reuniao-presencial-em-breve.shtml\" rel=\"nofollow noopener\" target=\"\">Lula pediu a Trump a retirada do tarifa\u00e7o<\/a> imposto pelo republicano ao Brasil. Solicitou ainda que fossem suspensas outras puni\u00e7\u00f5es aplicadas a autoridades brasileiras, como a imposi\u00e7\u00e3o da Lei Magnitsky, mas sem citar o ministro <a href=\"https:\/\/www1.folha.uol.com.br\/folha-topicos\/alexandre-de-moraes\/\" rel=\"nofollow noopener\" target=\"_blank\">Alexandre de Moraes<\/a>, do Supremo Tribunal Federal.<\/p>\n<p>A Venezuela foi um dos temas da conversa que o ministro Mauro Vieira (Rela\u00e7\u00f5es Exteriores) teve com Richard Grenell, enviado especial de Trump, em setembro, no Rio de Janeiro. Na ocasi\u00e3o, o americano relatou informa\u00e7\u00f5es sobre a situa\u00e7\u00e3o em Caracas.<\/p>\n<p>A crise na Venezuela \u00e9 um dos temas que mais preocupam o governo Lula. A situa\u00e7\u00e3o, j\u00e1 delicada pelas elei\u00e7\u00f5es contestadas pela oposi\u00e7\u00e3o e n\u00e3o reconhecidas por diversos pa\u00edses, agravou-se desde que os EUA declararam cart\u00e9is venezuelanos organiza\u00e7\u00f5es terroristas e deslocaram for\u00e7as navais para a costa venezuelana.<\/p>\n<p>Maduro classifica essa mobiliza\u00e7\u00e3o de um cerco e uma amea\u00e7a. <a href=\"https:\/\/www1.folha.uol.com.br\/mundo\/2025\/10\/eua-anunciam-novo-ataque-e-mais-4-mortes-de-supostos-traficantes-no-caribe.shtml\" rel=\"nofollow noopener\" target=\"\">Quatro<\/a><a href=\"https:\/\/www1.folha.uol.com.br\/mundo\/2025\/10\/eua-anunciam-novo-ataque-e-mais-4-mortes-de-supostos-traficantes-no-caribe.shtml\" rel=\"nofollow noopener\" target=\"\"> lanchas de supostos narcotraficantes j\u00e1 foram destru\u00eddas<\/a> por ataques americanos nas \u00faltimas semanas, em \u00e1reas pr\u00f3ximas \u00e0s \u00e1guas venezuelanas. Washington n\u00e3o apresentou evid\u00eancias de que as embarca\u00e7\u00f5es transportavam de fato narcotraficantes ou drogas nem explicou por que as atacou sem antes abord\u00e1-las.<\/p>\n<p>Caracas acusa Trump de utilizar o narcotr\u00e1fico como pretexto para tentar derrubar Maduro e se apoderar das reservas de petr\u00f3leo venezuelanas \u2014as maiores do mundo. Al\u00e9m disso, em outro epis\u00f3dio recente, a Venezuela afirmou, no in\u00edcio do m\u00eas, que cinco ca\u00e7as americanos se aproximaram da costa do pa\u00eds.<\/p>\n<p>O governo Lula tem sido cr\u00edtico das a\u00e7\u00f5es militares americanas na regi\u00e3o. Em seu discurso na Assembleia-Geral da ONU, o presidente afirmou que a via do di\u00e1logo n\u00e3o deve ser fechada na Venezuela. Ele tamb\u00e9m se op\u00f4s \u00e0 equipara\u00e7\u00e3o entre criminalidade e terrorismo, em mais um recado \u00e0 pol\u00edtica de Trump para a regi\u00e3o.<\/p>\n<p>&#8220;Usar for\u00e7a letal em situa\u00e7\u00f5es que n\u00e3o constituem conflitos armados equivale a executar pessoas sem julgamento. Outras partes do planeta j\u00e1 testemunharam interven\u00e7\u00f5es que causaram danos maiores do que se pretendia evitar, com graves consequ\u00eancias humanit\u00e1rias&#8221;, declarou Lula na ocasi\u00e3o.<\/p>\n<p>O governo Trump, por sua vez, indicou que pretende incluir a crise venezuelana nas conversas bilaterais com o Brasil que devem ocorrer a partir da liga\u00e7\u00e3o entre Lula e Trump.<\/p>\n<p>Na manh\u00e3 de quinta-feira (9), o secret\u00e1rio de Estado, <a href=\"https:\/\/www1.folha.uol.com.br\/mercado\/2025\/10\/marco-rubio-ligou-para-ministro-das-relacoes-exteriores-nesta-quarta-8-diz-lula.shtml\" rel=\"nofollow noopener\" target=\"\">Marco Rubio, conversou com Mauro Vieira<\/a>. Ap\u00f3s a liga\u00e7\u00e3o, o escrit\u00f3rio de Rubio publicou uma mensagem em que informou que ambos concordaram em estabelecer em breve um &#8220;mecanismo bilateral para impulsionar interesses econ\u00f4micos m\u00fatuos e outras prioridades-chave da regi\u00e3o&#8221; \u2014o que diplomatas brasileiros consideram uma men\u00e7\u00e3o indireta \u00e0 Venezuela.<\/p>\n<p>De acordo com integrantes do governo Lula, n\u00e3o h\u00e1 obje\u00e7\u00f5es \u00e0 inclus\u00e3o do tema venezuelano nas conversas entre as equipes negociadoras de Brasil e EUA. Eles ressaltam, no entanto, que Bras\u00edlia deve defender sempre uma abordagem dentro dos limites do direito internacional, sem apoiar a\u00e7\u00f5es unilaterais ou que contribuam para uma maior desestabiliza\u00e7\u00e3o da <a href=\"https:\/\/www1.folha.uol.com.br\/folha-topicos\/america-do-sul\/\" rel=\"nofollow noopener\" target=\"_blank\">Am\u00e9rica do Sul<\/a>.<\/p>\n","protected":false},"excerpt":{"rendered":"O presidente Luiz In\u00e1cio Lula da Silva discutiu brevemente a situa\u00e7\u00e3o da Venezuela com Donald Trump, durante a&hellip;\n","protected":false},"author":2,"featured_media":105628,"comment_status":"","ping_status":"","sticky":false,"template":"","format":"standard","meta":{"footnotes":""},"categories":[142],"tags":[1126,1028,7712,25383,92,114,115,235,236,93,3024,1540,3025,32,4177,33,151,3023],"class_list":{"0":"post-105627","1":"post","2":"type-post","3":"status-publish","4":"format-standard","5":"has-post-thumbnail","7":"category-tv","8":"tag-america-do-sul","9":"tag-america-latina","10":"tag-celular","11":"tag-chavismo","12":"tag-donald-trump","13":"tag-entertainment","14":"tag-entretenimento","15":"tag-estados-unidos","16":"tag-folha","17":"tag-guerra-comercial","18":"tag-hugo-chavez","19":"tag-lula","20":"tag-nicolas-maduro","21":"tag-portugal","22":"tag-presidente-do-brasil","23":"tag-pt","24":"tag-tv","25":"tag-venezuela"},"share_on_mastodon":{"url":"","error":""},"_links":{"self":[{"href":"https:\/\/www.europesays.com\/pt\/wp-json\/wp\/v2\/posts\/105627","targetHints":{"allow":["GET"]}}],"collection":[{"href":"https:\/\/www.europesays.com\/pt\/wp-json\/wp\/v2\/posts"}],"about":[{"href":"https:\/\/www.europesays.com\/pt\/wp-json\/wp\/v2\/types\/post"}],"author":[{"embeddable":true,"href":"https:\/\/www.europesays.com\/pt\/wp-json\/wp\/v2\/users\/2"}],"replies":[{"embeddable":true,"href":"https:\/\/www.europesays.com\/pt\/wp-json\/wp\/v2\/comments?post=105627"}],"version-history":[{"count":0,"href":"https:\/\/www.europesays.com\/pt\/wp-json\/wp\/v2\/posts\/105627\/revisions"}],"wp:featuredmedia":[{"embeddable":true,"href":"https:\/\/www.europesays.com\/pt\/wp-json\/wp\/v2\/media\/105628"}],"wp:attachment":[{"href":"https:\/\/www.europesays.com\/pt\/wp-json\/wp\/v2\/media?parent=105627"}],"wp:term":[{"taxonomy":"category","embeddable":true,"href":"https:\/\/www.europesays.com\/pt\/wp-json\/wp\/v2\/categories?post=105627"},{"taxonomy":"post_tag","embeddable":true,"href":"https:\/\/www.europesays.com\/pt\/wp-json\/wp\/v2\/tags?post=105627"}],"curies":[{"name":"wp","href":"https:\/\/api.w.org\/{rel}","templated":true}]}}