{"id":105636,"date":"2025-10-10T22:22:10","date_gmt":"2025-10-10T22:22:10","guid":{"rendered":"https:\/\/www.europesays.com\/pt\/105636\/"},"modified":"2025-10-10T22:22:10","modified_gmt":"2025-10-10T22:22:10","slug":"do-antigo-so-ficou-o-nome-conduzimos-o-novo-citroen-c5-aircross","status":"publish","type":"post","link":"https:\/\/www.europesays.com\/pt\/105636\/","title":{"rendered":"Do antigo s\u00f3 ficou o nome. Conduzimos o novo Citro\u00ebn C5 Aircross"},"content":{"rendered":"<p>\n\tO Citro\u00ebn C5 Aircross foi totalmente renovado, mas mant\u00e9m a miss\u00e3o de transportar fam\u00edlias com um conforto elevado. J\u00e1 conduzimos o el\u00e9trico.\n<\/p>\n<p>                                                                        Citro\u00ebn \u00eb-C5 Aircross<br \/>\n                                    Primeiras impress\u00f5es<\/p>\n<p>\t\t\t\t8\/10<\/p>\n<p class=\"mb-2 c-car-details-card__commerce-date \">Data de comercializa\u00e7\u00e3o: Outubro 2025<\/p>\n<p><strong>O novo Citro\u00ebn C5 Aircross est\u00e1 maior e melhor, mas \u00e9 tamb\u00e9m mais barato e ganhou uma in\u00e9dita vers\u00e3o 100% el\u00e9trica, que j\u00e1 conduzimos.<\/strong><\/p>\n<p>        Pr\u00f3s<\/p>\n<ul class=\"c-pros-cons_pros-list\">\n<li>N\u00edvel de conforto<\/li>\n<li>Espa\u00e7o dispon\u00edvel a bordo<\/li>\n<li>Bagageira ampla<\/li>\n<li>Autonomia realista<\/li>\n<\/ul>\n<p>        Contras<\/p>\n<ul class=\"c-pros-cons_cons-list\">\n<li>Alguns materiais<\/li>\n<li>Din\u00e2mica pouco envolvente<\/li>\n<li>Detalhes de estilo menos convencionais<\/li>\n<\/ul>\n<p>Desde 2018, j\u00e1 foram comercializadas mais de meio milh\u00e3o de unidades do <a href=\"https:\/\/www.razaoautomovel.com\/etiqueta\/citroen-c5-aircross\/\" rel=\"nofollow noopener\" target=\"_blank\">Citro\u00ebn C5 Aircross<\/a>, sendo que muitas delas continuam certamente a desempenhar o papel do \u201ccarro l\u00e1 de casa\u201d da melhor forma poss\u00edvel. Mas agora, chega o momento de conhecer a segunda gera\u00e7\u00e3o do SUV.<\/p>\n<p>Do seu antecessor, s\u00f3 fica mesmo o nome. H\u00e1 uma nova plataforma (STLA Medium), um novo design \u2014 at\u00e9 o log\u00f3tipo da marca \u00e9 novo \u2014 e estreia uma in\u00e9dita vers\u00e3o 100% el\u00e9trica, o \u00eb-C5 Aircross, que fui conduzir a Maiorca.<\/p>\n<p>A vers\u00e3o que pude conduzir inclui uma bateria de 73 kWh (\u00fateis) e um motor de 157 kW (213 cv), tudo parte de um sistema que anuncia uma autonomia m\u00e1xima entre os 498 km e os 520 km (WLTP).<\/p>\n<p>Novo visual, melhor aerodin\u00e2mica e mais efici\u00eancia<\/p>\n<p>J\u00e1 no parque do hotel, o novo Citro\u00ebn \u00eb-C5 Aircross \u00e9 imediatamente reconhec\u00edvel como um modelo da marca, ainda que rompa totalmente com o antecessor. O conjunto parece ter mais presen\u00e7a no asfalto, mais desportivo, e a maioria das linhas s\u00e3o bem mais sofisticadas. Os grupos \u00f3ticos com sistema Matrix LED e a nova assinatura luminosa de tr\u00eas pontos tamb\u00e9m contribuem para a imagem mais moderna.<\/p>\n<p>Em termos de medidas, apesar de parecer mais compacto, o novo Citro\u00ebn C5 Aircross \u00e9 bem maior que o antecessor. Mais largo, mais comprido e com a mesma altura do anterior, mas no topo das barras do tejadilho (1,691 m). Menos vis\u00edvel \u00e9 o aumento da dist\u00e2ncia entre eixos (para 2,784 m) e da largura das vias (dianteira e traseira). A altura ao solo mant\u00e9m-se pr\u00f3xima dos 20 cm.<\/p>\n<p>Interior numa vertente tecnol\u00f3gica<\/p>\n<p>Se por fora j\u00e1 se percebe uma evolu\u00e7\u00e3o clara do novo Citro\u00ebn C5 Aircross, por dentro, a transforma\u00e7\u00e3o \u00e9 ainda mais profunda. Mesmo colocando de parte todos os conceitos mencionados pela marca para o interior, bastou entrar e sentar-me ao volante para perceber que o maior dos SUV da Citro\u00ebn est\u00e1 bem mais evolu\u00eddo.<\/p>\n<p>O maior destaque, sem d\u00favida, \u00e9 o novo ecr\u00e3 vertical de comando t\u00e1til com uma dimens\u00e3o de 13\u201d e que a marca designa por \u201cwaterfall screen\u201d, ou ecr\u00e3 tipo cascata. \u00c9 um nome pomposo para uma solu\u00e7\u00e3o simples, mas n\u00e3o h\u00e1 d\u00favida que este parece mesmo flutuar desde o tabli\u00ea at\u00e9 \u00e0 consola central entre os assentos. Al\u00e9m disso, est\u00e1 mesmo ali ao alcance da m\u00e3o e inclui a grande maioria das fun\u00e7\u00f5es e configura\u00e7\u00f5es do sistema, al\u00e9m de oferecer uma utiliza\u00e7\u00e3o fluida e uma r\u00e1pida resposta t\u00e1til.<\/p>\n<p>Em frente ao condutor, temos um volante compacto \u2014 n\u00e3o tanto como os da Peugeot \u2014, a instrumenta\u00e7\u00e3o \u00e9 totalmente digital e tem um visual personaliz\u00e1vel. Em alguns ecr\u00e3s, \u00e9 poss\u00edvel seguir em tempo real a gest\u00e3o de energia do sistema e ir otimizando o seu gasto atrav\u00e9s da condu\u00e7\u00e3o.<\/p>\n<p>Na vers\u00e3o Business dispon\u00edvel para teste, a integra\u00e7\u00e3o com Android Auto e Apple CarPlay \u00e9 feita sem fios e n\u00e3o falta um sistema de navega\u00e7\u00e3o 3D, comandos de voz com intelig\u00eancia artificial ChatGPT e ilumina\u00e7\u00e3o ambiente com oito cores \u00e0 escolha.<\/p>\n<p>Interior numa vertente de espa\u00e7o e conforto<\/p>\n<p>O ambiente \u00e9 acolhedor e conta com uma boa qualidade de montagem, mas h\u00e1 materiais que ainda t\u00eam uma boa margem para evolu\u00e7\u00e3o. Ainda assim, o verdadeiro destaque \u00e9 mesmo o conforto. Se o anterior Citro\u00ebn C5 Aircross j\u00e1 tinha neste ponto um dos seus trunfos, no novo modelo isso fica ainda mais claro.<\/p>\n<p>N\u00e3o estou a abusar se disser que os assentos Advanced Comfort s\u00e3o dos melhores do segmento: grandes, bem acolchoados e com regula\u00e7\u00e3o el\u00e9trica, aquecimento, ventila\u00e7\u00e3o e at\u00e9 fun\u00e7\u00e3o de massagem. Trocava facilmente a minha cadeira do escrit\u00f3rio de casa por um assento destes\u2026 mas com rodinhas. E agora foram adicionados apoios laterais ajust\u00e1veis, que s\u00f3 melhoram a experi\u00eancia.<\/p>\n<p>Mais atr\u00e1s, na segunda fila, h\u00e1 espa\u00e7o que nunca mais acaba e encostos reclin\u00e1veis entre 21\u00ba e 33\u00ba. Ao centro, h\u00e1 um apoio de bra\u00e7os rebat\u00edvel, mas o n\u00edvel de conforto deste lugar n\u00e3o fica muito longe dos dois laterais \u2014\u00a0ainda assim lamenta-se a perda dos tr\u00eas lugares traseiros individuais e de tamanho id\u00eantico. E depois, n\u00e3o faltam sa\u00eddas de ventila\u00e7\u00e3o, duas tomadas USB-C e a melhor vista para o (opcional) teto panor\u00e2mico em vidro.<\/p>\n<p>Na bagageira, h\u00e1 651 litros de capacidade dispon\u00edveis, independentemente da motoriza\u00e7\u00e3o escolhida, seja a el\u00e9trica, h\u00edbrida plug-in ou mild-hybrid. N\u00e3o h\u00e1 nada que \u00abroube\u00bb o espa\u00e7o dispon\u00edvel sob o piso.<\/p>\n<p>Ao volante do Citro\u00ebn \u00eb-C5 Aircross<\/p>\n<p>O Citro\u00ebn \u00eb-C5 Aircross que pude conduzir nas boas estradas de Maiorca oferece uma experi\u00eancia de condu\u00e7\u00e3o focada no conforto e na efici\u00eancia. A acelera\u00e7\u00e3o dos 0 aos 100 km\/h faz-se em c\u00e9leres 8,9s, mas esse nunca foi o foco.<\/p>\n<p><a href=\"https:\/\/www.europesays.com\/pt\/wp-content\/uploads\/2025\/10\/Citroen-e-C5-Aircross-05.webp.webp\"><img loading=\"lazy\" decoding=\"async\" width=\"2048\" height=\"1365\" src=\"data:image\/svg+xml,%3Csvg%20xmlns=\" http:=\"\" alt=\"Citroe\u0308n e\u0308-C5 Aircross - frente\" class=\"wp-image-1101264\" data-lazy- data-lazy- data-lazy-src=\"https:\/\/www.europesays.com\/pt\/wp-content\/uploads\/2025\/10\/Citroen-e-C5-Aircross-05.webp.webp\"\/><\/a>\u00a9 Citro\u00ebn<\/p>\n<p>A prioridade est\u00e1, sem d\u00favida, no conforto de rolamento, momento em que as suspens\u00f5es com batentes hidr\u00e1ulicos progressivos continuam a ser uma refer\u00eancia. A forma como absorvem imperfei\u00e7\u00f5es e mant\u00eam a carro\u00e7aria est\u00e1vel \u00e9 impressionante \u2014 e refor\u00e7a a ideia de que este \u00e9 um verdadeiro \u201ctapete voador\u201d, como gosta de dizer a Citro\u00ebn.<\/p>\n<p>A insonoriza\u00e7\u00e3o \u00e9 excelente, mesmo com jantes de 20\u201d e pneus de perfil mais baixo. A dire\u00e7\u00e3o \u00e9 suave e precisa, e os modos de condu\u00e7\u00e3o (Eco, Normal e Sport) ajustam o desempenho sem alterar o ADN mais relaxado deste SUV franc\u00eas. Em travagem regenerativa, h\u00e1 tr\u00eas n\u00edveis ajust\u00e1veis atrav\u00e9s das patilhas no volante.<\/p>\n<p>Descubra o seu pr\u00f3ximo autom\u00f3vel:<\/p>\n<p>Pre\u00e7o do \u00eb-C5 Aircross em Portugal e gama dispon\u00edvel<\/p>\n<p>Talvez um dos aspetos mais surpreendentes da segunda gera\u00e7\u00e3o do Citro\u00ebn C5 Aircross \u00e9 que chega a Portugal com pre\u00e7os inferiores ao das vers\u00f5es equivalentes do antecessor. Na motoriza\u00e7\u00e3o Hybrid 145 (mild-hybrid 48 V e 145 cv), os pre\u00e7os arrancam nos <a href=\"https:\/\/www.credibom.pt\/credito\/automovel\" target=\"_blank\" rel=\"noreferrer noopener nofollow\">33 490 euros<\/a> para a vers\u00e3o de entrada You, o que s\u00e3o mais de 4000 euros a menos do que antes.<\/p>\n<p>No caso do \u00eb-C5 Aircross, a vers\u00e3o 100% el\u00e9trica, n\u00e3o h\u00e1 forma de comparar com o antecessor, pois estreia-se na nova gera\u00e7\u00e3o: <strong>os pre\u00e7os come\u00e7am nos <a href=\"https:\/\/www.credibom.pt\/credito\/automovel\" target=\"_blank\" rel=\"noreferrer noopener nofollow\">40 690 euros<\/a> na vers\u00e3o You<\/strong>. O que se compara favoravelmente com o \u00abprimo\u00bb Peugeot e-3008, com a mesma motoriza\u00e7\u00e3o e bateria, que tem pre\u00e7os a come\u00e7ar nos 47 250 euros.<\/p>\n<p>O \u00eb-C5 Aircross que tive oportunidade de conduzir era a vers\u00e3o Business, num patamar interm\u00e9dio, mas com muito mais equipamento, tem um pre\u00e7o de <a href=\"https:\/\/www.credibom.pt\/credito\/automovel\" rel=\"nofollow noopener\" target=\"_blank\">44\u00a0790 euros<\/a>.<\/p>\n<p>Tal como o nome indica, est\u00e1 orientada para clientes profissionais, que s\u00e3o a larga maioria de compradores de ve\u00edculos el\u00e9tricos novos em Portugal. O equipamento de s\u00e9rie j\u00e1 inclui elementos como as jantes de 19\u201d, os assentos Advanced Comfort com apoio lombar, carregamento r\u00e1pido at\u00e9 160 kW (de 20% a 80% em apenas 30 minutos) e um conjunto alargado de ajudas \u00e0 condu\u00e7\u00e3o.<\/p>\n<p>Mais tarde, em 2026, ficar\u00e1 dispon\u00edvel o novo Citro\u00ebn C5 Aircross equipado com um sistema h\u00edbrido plug-in e que tamb\u00e9m tive oportunidade de conduzir. O sistema disponibiliza 195 cv e n\u00e3o tem qualquer problema em garantir mais de 100 km de autonomia em ambiente urbano sem utilizar o motor de combust\u00e3o.<\/p>\n<p><a href=\"https:\/\/www.europesays.com\/pt\/wp-content\/uploads\/2025\/10\/Citroen-e-C5-Aircross-06.webp.webp\"><img loading=\"lazy\" decoding=\"async\" width=\"2048\" height=\"1366\" src=\"data:image\/svg+xml,%3Csvg%20xmlns=\" http:=\"\" alt=\"Citroe\u0308n e\u0308-C5 Aircross - 3\/4 de traseira\" class=\"wp-image-1101265\" data-lazy- data-lazy- data-lazy-src=\"https:\/\/www.europesays.com\/pt\/wp-content\/uploads\/2025\/10\/Citroen-e-C5-Aircross-06.webp.webp\"\/><\/a>\u00a9 Citro\u00ebn<\/p>\n<p>                                                                        Citro\u00ebn \u00eb-C5 Aircross<br \/>\n                                    Primeiras impress\u00f5es<\/p>\n<p>\t\t\t\t8\/10<\/p>\n<p>Com at\u00e9 520 km de autonomia e um conforto digno de segmento superior, o Citro\u00ebn \u00eb-C5 Aircross destaca-se como uma proposta racional e serena para fam\u00edlias ou profissionais. Junta espa\u00e7o, tecnologia e efici\u00eancia numa f\u00f3rmula simples e eficaz. A qualidade de alguns materiais ainda pode melhorar, mas o sil\u00eancio a bordo e o equil\u00edbrio geral fazem dele um dos SUV el\u00e9tricos mais confort\u00e1veis do momento.<\/p>\n<p class=\"mb-2 c-car-details-card__commerce-date \">Data de comercializa\u00e7\u00e3o: Outubro 2025<\/p>\n<p>        Pr\u00f3s<\/p>\n<ul class=\"c-pros-cons_pros-list\">\n<li>N\u00edvel de conforto<\/li>\n<li>Espa\u00e7o dispon\u00edvel a bordo<\/li>\n<li>Bagageira ampla<\/li>\n<li>Autonomia realista<\/li>\n<\/ul>\n<p>        Contras<\/p>\n<ul class=\"c-pros-cons_cons-list\">\n<li>Alguns materiais<\/li>\n<li>Din\u00e2mica pouco envolvente<\/li>\n<li>Detalhes de estilo menos convencionais<\/li>\n<\/ul>\n<tr>Citro\u00ebn \u00eb-C5 Aircross<\/tr>\n<tr>Motor<\/tr>\n<tr>\n<td>Motores<\/td>\n<td>Um motor el\u00e9trico, dianteiro<\/td>\n<\/tr>\n<tr>\n<td>Pot\u00eancia<\/td>\n<td>157 kW (213 cv)<\/td>\n<\/tr>\n<tr>\n<td>Bin\u00e1rio<\/td>\n<td>343 Nm<\/td>\n<\/tr>\n<tr>Transmiss\u00e3o<\/tr>\n<tr>\n<td>Tra\u00e7\u00e3o<\/td>\n<td>Dianteira<\/td>\n<\/tr>\n<tr>\n<td>Caixa de velocidades<\/td>\n<td>Rela\u00e7\u00e3o fixa \u00fanica<\/td>\n<\/tr>\n<tr>Bateria<\/tr>\n<tr>\n<td>Tipo<\/td>\n<td>I\u00f5es de l\u00edtio (NMC)<\/td>\n<\/tr>\n<tr>\n<td>Capacidade<\/td>\n<td>73,7 kWh (utiliz\u00e1veis)<\/td>\n<\/tr>\n<tr>Carregamento<\/tr>\n<tr>\n<td>Pot. m\u00e1xima em DC<\/td>\n<td>160 kW<\/td>\n<\/tr>\n<tr>\n<td>Pot. m\u00e1xima em AC<\/td>\n<td>11 kW<\/td>\n<\/tr>\n<tr>\n<td>Tempo 20-80% (DC)<\/td>\n<td>30min<\/td>\n<\/tr>\n<tr>\n<td>Tempo 20-80% (AC)<\/td>\n<td>4h30min<\/td>\n<\/tr>\n<tr>Chassis<\/tr>\n<tr>\n<td>Suspens\u00e3o<\/td>\n<td>FR: Independente, McPherson;<br \/>TR: Independente, multibra\u00e7os<\/td>\n<\/tr>\n<tr>\n<td>Trav\u00f5es<\/td>\n<td>FR: Discos ventilados;<br \/>TR: Discos ventilados<\/td>\n<\/tr>\n<tr>Dimens\u00f5es e Capacidades<\/tr>\n<tr>\n<td>Comp. x Larg. x Alt.<\/td>\n<td>4652 mm x 1902 mm x 1691 mm<\/td>\n<\/tr>\n<tr>\n<td>Dist\u00e2ncia entre eixos<\/td>\n<td>2784 mm<\/td>\n<\/tr>\n<tr>\n<td>Capacidade da mala<\/td>\n<td>565-1668 litros<\/td>\n<\/tr>\n<tr>\n<td>Peso<\/td>\n<td>2109 kg<\/td>\n<\/tr>\n<tr>Presta\u00e7\u00f5es e consumos<\/tr>\n<tr>\n<td>Velocidade m\u00e1xima<\/td>\n<td>170 km\/h<\/td>\n<\/tr>\n<tr>\n<td>0-100 km\/h<\/td>\n<td>8,9s<\/td>\n<\/tr>\n<tr>\n<td>Consumo combinado (WLTP)<\/td>\n<td>17,1 kWh\/100 km<\/td>\n<\/tr>\n<tr>\n<td>Autonomia (WLTP)<\/td>\n<td>498 \u2013 520 km<\/td>\n<\/tr>\n","protected":false},"excerpt":{"rendered":"O Citro\u00ebn C5 Aircross foi totalmente renovado, mas mant\u00e9m a miss\u00e3o de transportar fam\u00edlias com um conforto elevado.&hellip;\n","protected":false},"author":2,"featured_media":105637,"comment_status":"","ping_status":"","sticky":false,"template":"","format":"standard","meta":{"footnotes":""},"categories":[83],"tags":[88,10439,13977,89,428,90,32,33,959,951],"class_list":{"0":"post-105636","1":"post","2":"type-post","3":"status-publish","4":"format-standard","5":"has-post-thumbnail","7":"category-empresas","8":"tag-business","9":"tag-citroen","10":"tag-citroen-c5-aircross","11":"tag-economy","12":"tag-eletricos","13":"tag-empresas","14":"tag-portugal","15":"tag-pt","16":"tag-suv","17":"tag-testes"},"share_on_mastodon":{"url":"","error":""},"_links":{"self":[{"href":"https:\/\/www.europesays.com\/pt\/wp-json\/wp\/v2\/posts\/105636","targetHints":{"allow":["GET"]}}],"collection":[{"href":"https:\/\/www.europesays.com\/pt\/wp-json\/wp\/v2\/posts"}],"about":[{"href":"https:\/\/www.europesays.com\/pt\/wp-json\/wp\/v2\/types\/post"}],"author":[{"embeddable":true,"href":"https:\/\/www.europesays.com\/pt\/wp-json\/wp\/v2\/users\/2"}],"replies":[{"embeddable":true,"href":"https:\/\/www.europesays.com\/pt\/wp-json\/wp\/v2\/comments?post=105636"}],"version-history":[{"count":0,"href":"https:\/\/www.europesays.com\/pt\/wp-json\/wp\/v2\/posts\/105636\/revisions"}],"wp:featuredmedia":[{"embeddable":true,"href":"https:\/\/www.europesays.com\/pt\/wp-json\/wp\/v2\/media\/105637"}],"wp:attachment":[{"href":"https:\/\/www.europesays.com\/pt\/wp-json\/wp\/v2\/media?parent=105636"}],"wp:term":[{"taxonomy":"category","embeddable":true,"href":"https:\/\/www.europesays.com\/pt\/wp-json\/wp\/v2\/categories?post=105636"},{"taxonomy":"post_tag","embeddable":true,"href":"https:\/\/www.europesays.com\/pt\/wp-json\/wp\/v2\/tags?post=105636"}],"curies":[{"name":"wp","href":"https:\/\/api.w.org\/{rel}","templated":true}]}}