{"id":105638,"date":"2025-10-10T22:23:05","date_gmt":"2025-10-10T22:23:05","guid":{"rendered":"https:\/\/www.europesays.com\/pt\/105638\/"},"modified":"2025-10-10T22:23:05","modified_gmt":"2025-10-10T22:23:05","slug":"hamas-e-outros-grupos-rejeitam-tutela-estrangeira-sobre-gaza","status":"publish","type":"post","link":"https:\/\/www.europesays.com\/pt\/105638\/","title":{"rendered":"Hamas e outros grupos rejeitam &#8220;tutela estrangeira&#8221; sobre Gaza"},"content":{"rendered":"<p>                    Expressaram tamb\u00e9m a sua disponibilidade para beneficiar da participa\u00e7\u00e3o \u00e1rabe e internacional na reconstru\u00e7\u00e3o do enclave.<\/p>\n<p>O plano de paz apresentado por Trump e que teve o apoio dos pa\u00edses \u00e1rabes e mu\u00e7ulmanos da regi\u00e3o, <b>prev\u00ea que um governo de transi\u00e7\u00e3o deve governar Gaza at\u00e9 que a Autoridade Palestiniana conclua o seu &#8220;programa de reformas&#8221; e &#8220;possa retomar o controlo de Gaza de forma segura e eficaz&#8221;<\/b>.<\/p>\n<p>O ex\u00e9rcito israelita disse esta sexta-feira, enquanto recuava na Faixa de Gaza, que <b>est\u00e1 &#8220;bem preparado para regressar ao combate&#8221; e combater o Hamas se o grupo militante mantiver o controlo de Gaza<\/b> ap\u00f3s o fim da guerra, segundo Effie Defrin, porta-voz das For\u00e7as de Defesa de Israel.<\/p>\n<p>O Hamas de hoje &#8220;n\u00e3o \u00e9 o Hamas de h\u00e1 dois anos&#8221;, disse Defrin, acrescentando que &#8220;o Hamas foi derrotado em todos os lugares onde o combatemos&#8221;, tanto &#8220;em termos militares como governamentais&#8221;.&#13;<\/p>\n","protected":false},"excerpt":{"rendered":"Expressaram tamb\u00e9m a sua disponibilidade para beneficiar da participa\u00e7\u00e3o \u00e1rabe e internacional na reconstru\u00e7\u00e3o do enclave. O plano&hellip;\n","protected":false},"author":2,"featured_media":105639,"comment_status":"","ping_status":"","sticky":false,"template":"","format":"standard","meta":{"footnotes":""},"categories":[50],"tags":[27,28,256,92,15,16,25390,532,255,14,25389,25,26,21,22,62,12,13,19,20,23,24,17,18,29,30,31,63,64,65],"class_list":{"0":"post-105638","1":"post","2":"type-post","3":"status-publish","4":"format-standard","5":"has-post-thumbnail","7":"category-mundo","8":"tag-breaking-news","9":"tag-breakingnews","10":"tag-cessar-fogo","11":"tag-donald-trump","12":"tag-featured-news","13":"tag-featurednews","14":"tag-frente-popular-para-a-libertacao-da-palestina","15":"tag-gaza","16":"tag-hamas","17":"tag-headlines","18":"tag-jihad-islamica","19":"tag-latest-news","20":"tag-latestnews","21":"tag-main-news","22":"tag-mainnews","23":"tag-mundo","24":"tag-news","25":"tag-noticias","26":"tag-noticias-principais","27":"tag-noticiasprincipais","28":"tag-principais-noticias","29":"tag-principaisnoticias","30":"tag-top-stories","31":"tag-topstories","32":"tag-ultimas","33":"tag-ultimas-noticias","34":"tag-ultimasnoticias","35":"tag-world","36":"tag-world-news","37":"tag-worldnews"},"share_on_mastodon":{"url":"","error":""},"_links":{"self":[{"href":"https:\/\/www.europesays.com\/pt\/wp-json\/wp\/v2\/posts\/105638","targetHints":{"allow":["GET"]}}],"collection":[{"href":"https:\/\/www.europesays.com\/pt\/wp-json\/wp\/v2\/posts"}],"about":[{"href":"https:\/\/www.europesays.com\/pt\/wp-json\/wp\/v2\/types\/post"}],"author":[{"embeddable":true,"href":"https:\/\/www.europesays.com\/pt\/wp-json\/wp\/v2\/users\/2"}],"replies":[{"embeddable":true,"href":"https:\/\/www.europesays.com\/pt\/wp-json\/wp\/v2\/comments?post=105638"}],"version-history":[{"count":0,"href":"https:\/\/www.europesays.com\/pt\/wp-json\/wp\/v2\/posts\/105638\/revisions"}],"wp:featuredmedia":[{"embeddable":true,"href":"https:\/\/www.europesays.com\/pt\/wp-json\/wp\/v2\/media\/105639"}],"wp:attachment":[{"href":"https:\/\/www.europesays.com\/pt\/wp-json\/wp\/v2\/media?parent=105638"}],"wp:term":[{"taxonomy":"category","embeddable":true,"href":"https:\/\/www.europesays.com\/pt\/wp-json\/wp\/v2\/categories?post=105638"},{"taxonomy":"post_tag","embeddable":true,"href":"https:\/\/www.europesays.com\/pt\/wp-json\/wp\/v2\/tags?post=105638"}],"curies":[{"name":"wp","href":"https:\/\/api.w.org\/{rel}","templated":true}]}}