{"id":105648,"date":"2025-10-10T22:30:13","date_gmt":"2025-10-10T22:30:13","guid":{"rendered":"https:\/\/www.europesays.com\/pt\/105648\/"},"modified":"2025-10-10T22:30:13","modified_gmt":"2025-10-10T22:30:13","slug":"jisoo-e-zayn-lancam-dueto-eyes-closed","status":"publish","type":"post","link":"https:\/\/www.europesays.com\/pt\/105648\/","title":{"rendered":"Jisoo e Zayn lan\u00e7am dueto \u2018Eyes Closed\u2019"},"content":{"rendered":"<p>Os universos BLACKPINK e One Direction se encontram em uma can\u00e7\u00e3o que explora o amor paradoxal e a atra\u00e7\u00e3o irresist\u00edvel entre opostos<\/p>\n<p>                    Divulga\u00e7\u00e3o\/BLISSOO<\/p>\n<p>                                            <img decoding=\"async\" class=\"img-responsive type:primaryImage\" src=\"https:\/\/www.europesays.com\/pt\/wp-content\/uploads\/2025\/10\/imagem-jvp-30-750x450.png\" alt=\"Jisoo e Zayn Malik para o single 'Eyes Closed' - Divulga\u00e7\u00e3o\/BLISSOO\" id=\"zoom-img\"\/><br \/>\n                                        Jisoo e Zayn Malik no single &#8216;Eyes Closed&#8217;\u00a0\u00a0<\/p>\n<p>Esta sexta-feira (10) come\u00e7ou com um grande lan\u00e7amento na m\u00fasica Pop. A cantora sul-coreana e integrante do <strong><a href=\"http:\/\/jovempan.com.br\/tag\/blackpink\" rel=\"nofollow noopener\" target=\"_blank\">BLACKPINK<\/a><\/strong>, Jisoo, juntou-se a Zayn Malik, ex-<strong><a href=\"http:\/\/jovempan.com.br\/tag\/one-direction\" rel=\"nofollow noopener\" target=\"_blank\">One Direction<\/a><\/strong>, no dueto \u201cEyes Closed\u201d. Ao colidir dois dos maiores grupos musicais, a parceria dominou a internet. De acordo com a descri\u00e7\u00e3o da gravadora BLISSOO, a m\u00fasica \u00e9 classificado como \u201cuma nova experi\u00eancia\u201d, que harmonizou o vocal grave e \u00edmpar de <strong><a href=\"http:\/\/jovempan.com.br\/tag\/jisoo\" rel=\"nofollow noopener\" target=\"_blank\">Jisoo<\/a> <\/strong>com a voz rouca e texturizada de <strong><a href=\"http:\/\/jovempan.com.br\/tag\/zayn\" rel=\"nofollow noopener\" target=\"_blank\">Zayn<\/a><\/strong>.<\/p>\n<p>O projeto, uma balada com influ\u00eancias de R&amp;B e harmonias dram\u00e1ticas, conta sobre as faces de um amor paradoxal, onde opostos s\u00e3o atra\u00eddos. A letra expressa como seria \u201cmelhor\u201d caso se \u201capaixonassem com os olhos fechados\u201d, uma vez que \u201ca historia \u00e9 prova\u201d de que um amor como esse \u201crealmente n\u00e3o deveria funcionar\u201d.<\/p>\n<p>Em diversos momentos, a cantora \u2014 que funciona como o contraponto grave ao equilibrar os timbres mais agudos de Ros\u00e9 e Jennie no grupo \u2014 explora notas mais altas e potentes, ao mesmo tempo em que harmoniza com as de Zayn, que tamb\u00e9m possui um alcance vocal \u00edmpar. O dueto combina a consist\u00eancia tonal e a afina\u00e7\u00e3o precisa da sul-coreana com o vibrato controlado e a excelente transi\u00e7\u00e3o de registros do brit\u00e2nico.<\/p>\n<p>\u201cEyes Closed\u201d \u00e9 lan\u00e7ada em meio a turn\u00ea mundial do BLACKPINK \u201cDeadline\u201d, que esgotou est\u00e1dios em v\u00e1rios continentes. Os pr\u00f3ximos shows das artistas s\u00e3o em Taiwan, Tail\u00e2ndia, Indon\u00e9sia, Filipinas, Singapura, Jap\u00e3o e Hong Kong at\u00e9 janeiro de 2026. Enquanto isso, Zayn tamb\u00e9m se prepara para uma sequ\u00eancia de apresenta\u00e7\u00f5es em Las Vegas, que acontecer\u00e1 no Dolby Live at Park MGM, tamb\u00e9m em janeiro de 2026.<\/p>\n<blockquote class=\"instagram-media\" style=\"background: #FFF; border: 0; border-radius: 3px; box-shadow: 0 0 1px 0 rgba(0,0,0,0.5),0 1px 10px 0 rgba(0,0,0,0.15); margin: 1px; max-width: 540px; min-width: 326px; padding: 0; width: calc(100% - 2px);\" data-instgrm-captioned=\"\" data-instgrm-permalink=\"https:\/\/www.instagram.com\/p\/DPoTnsaiRpi\/?utm_source=ig_embed&amp;utm_campaign=loading\" data-instgrm-version=\"14\" wp_automatic_readability=\"-21\">\n<p>\u00a0<\/p>\n<p>Ver essa foto no Instagram<\/p>\n<p>\u00a0<br \/>\nUma publica\u00e7\u00e3o compartilhada por JISOO\ud83e\ude90 (@sooyaaa__)<\/p>\n<\/blockquote>\n<p>Curiosamente, Zayn \u00e9 pai de uma f\u00e3 do BLACKPINK \u2013 Khai, a filha do cantor com a modelo Gigi Hadid, \u00e9 uma blink. Eles at\u00e9 mesmo prestigiaram um show do grupo que aconteceu em <strong><a href=\"http:\/\/jovempan.com.br\/tag\/nova-york\" rel=\"nofollow noopener\" target=\"_blank\">Nova York<\/a><\/strong> em julho. \u201cBLACKPINK, obrigado! Eu e Khai amamos\u201d, escreveu o ex-integrante do One Direction em post no Instagram.<\/p>\n<p><strong>\u00a0MV de \u201cEyes Closed\u201d<\/strong><\/p>\n<p><strong>Projetos\u00a0<\/strong><\/p>\n<p>Em 2024, Zayn lan\u00e7ou o \u00e1lbum \u201cRoom Under the Stairs\u201d, o trabalho mais recente e que marca uma nova fase em sua carreira solo. O disco apresenta uma sonoridade mais intimista e madura, mesclando elementos de R&amp;B, soul e folk, com forte influ\u00eancia de artistas cl\u00e1ssicos como Jimi Hendrix e The Beatles. As faixas, como \u201cWhat I Am\u201d e \u201cAlienated\u201d, exploram temas de autoconhecimento, isolamento e vulnerabilidade emocional, mostrando um Zayn mais autoral e conectado \u00e0s pr\u00f3prias ra\u00edzes musicais.<\/p>\n<p>Durante o per\u00edodo de hiato do BLACKPINK, Jisoo, assim como as outras integrantes, lan\u00e7ou em 2025 o EP Amortage, consolidando seu estilo solo com um som sofisticado e cinematogr\u00e1fico, que mistura pop contempor\u00e2neo, eletr\u00f4nica e elementos orquestrais. O single principal, \u201cEarthquake\u201d, marcou uma nova era da artista mais confiante e experimental, explorando novas camadas vocais e visuais marcantes.<\/p>\n<p>                                        <script async src=\"\/\/www.instagram.com\/embed.js\"><\/script><\/p>\n","protected":false},"excerpt":{"rendered":"Os universos BLACKPINK e One Direction se encontram em uma can\u00e7\u00e3o que explora o amor paradoxal e a&hellip;\n","protected":false},"author":2,"featured_media":105649,"comment_status":"","ping_status":"","sticky":false,"template":"","format":"standard","meta":{"footnotes":""},"categories":[141],"tags":[114,115,149,150,32,33],"class_list":{"0":"post-105648","1":"post","2":"type-post","3":"status-publish","4":"format-standard","5":"has-post-thumbnail","7":"category-musica","8":"tag-entertainment","9":"tag-entretenimento","10":"tag-music","11":"tag-musica","12":"tag-portugal","13":"tag-pt"},"share_on_mastodon":{"url":"","error":""},"_links":{"self":[{"href":"https:\/\/www.europesays.com\/pt\/wp-json\/wp\/v2\/posts\/105648","targetHints":{"allow":["GET"]}}],"collection":[{"href":"https:\/\/www.europesays.com\/pt\/wp-json\/wp\/v2\/posts"}],"about":[{"href":"https:\/\/www.europesays.com\/pt\/wp-json\/wp\/v2\/types\/post"}],"author":[{"embeddable":true,"href":"https:\/\/www.europesays.com\/pt\/wp-json\/wp\/v2\/users\/2"}],"replies":[{"embeddable":true,"href":"https:\/\/www.europesays.com\/pt\/wp-json\/wp\/v2\/comments?post=105648"}],"version-history":[{"count":0,"href":"https:\/\/www.europesays.com\/pt\/wp-json\/wp\/v2\/posts\/105648\/revisions"}],"wp:featuredmedia":[{"embeddable":true,"href":"https:\/\/www.europesays.com\/pt\/wp-json\/wp\/v2\/media\/105649"}],"wp:attachment":[{"href":"https:\/\/www.europesays.com\/pt\/wp-json\/wp\/v2\/media?parent=105648"}],"wp:term":[{"taxonomy":"category","embeddable":true,"href":"https:\/\/www.europesays.com\/pt\/wp-json\/wp\/v2\/categories?post=105648"},{"taxonomy":"post_tag","embeddable":true,"href":"https:\/\/www.europesays.com\/pt\/wp-json\/wp\/v2\/tags?post=105648"}],"curies":[{"name":"wp","href":"https:\/\/api.w.org\/{rel}","templated":true}]}}