{"id":105650,"date":"2025-10-10T22:31:21","date_gmt":"2025-10-10T22:31:21","guid":{"rendered":"https:\/\/www.europesays.com\/pt\/105650\/"},"modified":"2025-10-10T22:31:21","modified_gmt":"2025-10-10T22:31:21","slug":"apos-25-anos-tentando-tirar-frankenstein-do-papel-guillermo-del-toro-aceitou-que-nunca-vai-conseguir-fazer-um-filme-deste-classico-do-terror","status":"publish","type":"post","link":"https:\/\/www.europesays.com\/pt\/105650\/","title":{"rendered":"Ap\u00f3s 25 anos tentando tirar Frankenstein do papel, Guillermo del Toro aceitou que nunca vai conseguir fazer um filme deste cl\u00e1ssico do terror"},"content":{"rendered":"<p>\n                        Frankenstein, de Guillermo del Toro, ter\u00e1 um lan\u00e7amento h\u00edbrido que contar\u00e1 com uma exibi\u00e7\u00e3o exclusiva em cinemas selecionados a partir do dia 25 de outubro e ser\u00e1 disponibilizado no cat\u00e1logo da Netflix em 7 de novembro.\n                    <\/p>\n<ul class=\"article__header__author\">\n<li class=\"article__header__author__item\">\n                                                Por:<br \/>\n                                                                                    J\u00falia Barbosa \/ Adoro Cinema\n                                                                        <\/li>\n<\/ul>\n<p class=\"text\">At\u00e9 os maiores cineastas de Hollywood t\u00eam dificuldades para levarem seus projetos mais criativos para as telas, principalmente quando n\u00e3o possuem tanto apelo comercial com os grandes est\u00fadios interessados em blockbusters. Mirando em <a href=\"https:\/\/www.adorocinema.com\/noticias\/filmes\/noticia-1000162067\/\" rel=\"nofollow noopener\" target=\"_blank\">uma escala fenomena<\/a>l, <a href=\"https:\/\/www.adorocinema.com\/personalidades\/personalidade-18940\/\" rel=\"nofollow noopener\" target=\"_blank\">Guillermo del Toro<\/a> demorou d\u00e9cadas para conseguir fazer <a href=\"https:\/\/www.adorocinema.com\/filmes\/filme-206794\/\" rel=\"nofollow noopener\" target=\"_blank\">Frankenstein<\/a>.<\/p>\n<p><img loading=\"lazy\" decoding=\"async\" alt=\"\" class=\"img-7aa45def0ab2207b7d25518a2f51d51d3i1ac6z8\" height=\"435\" src=\"https:\/\/www.europesays.com\/pt\/wp-content\/uploads\/2025\/10\/605756525-59ee49db600d33204be5ccd53e8469ff.jpg\"  title=\"Netflix \/ Adoro Cinema\" width=\"774\"\/><\/p>\n<p>\nFoto: Netflix \/ Adoro Cinema\n<\/p>\n<p class=\"text\">A <a href=\"https:\/\/www.adorocinema.com\/noticias\/filmes\/noticia-1000168125\/\" rel=\"nofollow noopener\" target=\"_blank\">Netflix investiu cerca de 120 milh\u00f5es de d\u00f3lares<\/a> na produ\u00e7\u00e3o depois que del Toro conquistou o Oscar de Melhor Anima\u00e7\u00e3o para eles com <a href=\"https:\/\/www.adorocinema.com\/filmes\/filme-207445\/\" rel=\"nofollow noopener\" target=\"_blank\">Pin\u00f3quio<\/a>. E, mesmo que o cineasta mexicano leve mais uma estatueta para o escrit\u00f3rio do Tudum, ele segue achando praticamente imposs\u00edvel que algu\u00e9m queira apostar em um dos seus projetos mais sonhados.<\/p>\n<p class=\"text\">&#8220;O [filme] que est\u00e1 na lista de desejos e que acho que vai ficar l\u00e1 \u00e9 Nas Montanhas da Loucura. \u00c9 muito grande, muito louco, muito +18, eu acho. E, para ser completamente sincero, n\u00e3o sei se quero faz\u00ea-lo depois [de Frankenstein]&#8221;, admitiu o diretor em entrevista \u00e0 Empire.<\/p>\n<p>Guillermo del Toro desiste de adaptar cl\u00e1ssico de H.P. Lovecraft<\/p>\n<p><img alt=\"\" class=\"img-beac320c605e09de03bba4b2e66ec538x2urzed4\" decoding=\"async\" height=\"435\" loading=\"lazy\" src=\"https:\/\/www.europesays.com\/pt\/wp-content\/uploads\/2025\/10\/1445695315-c5e7d99aa6d6c71a109f356196c6eb0e.jpg\"  title=\"Adoro Cinema\" width=\"774\"\/><\/p>\n<p>\nFoto: Adoro Cinema\n<\/p>\n<p class=\"text\">Guillermo del Toro tentou por anos fazer um longa-metragem de terror e fantasia baseado no livro de Lovecraft e chegou a compartilhar imagens de teste da produ\u00e7\u00e3o que seria iniciada por volta de 2010. <\/p>\n<p class=\"text\"><a href=\"https:\/\/www.adorocinema.com\/noticias\/filmes\/noticia-1000002465\/\" rel=\"nofollow noopener\" target=\"_blank\">Nas Montanhas da Loucura seria um live-action<\/a> protagonizado por <a href=\"https:\/\/www.adorocinema.com\/personalidades\/personalidade-1722\/\" rel=\"nofollow noopener\" target=\"_blank\">Tom Cruise<\/a> e contaria com <a href=\"https:\/\/www.adorocinema.com\/personalidades\/personalidade-1066\/\" rel=\"nofollow noopener\" target=\"_blank\">James Cameron<\/a> e\u2026<\/p>\n<p class=\"text\"><a href=\"https:\/\/www.adorocinema.com\/noticias\/filmes\/noticia-1000169114\/\" rel=\"nofollow noopener\" target=\"_blank\">Artigo original publicado em AdoroCinema<\/a><\/p>\n<p class=\"text\"><a href=\"https:\/\/www.adorocinema.com\/noticias\/filmes\/noticia-1000163609\/\" rel=\"nofollow noopener\" target=\"_blank\">A vers\u00e3o de Frankenstein de Guillermo del Toro tem tudo para ser a adapta\u00e7\u00e3o definitiva do cl\u00e1ssico de Mary Shelley<\/a><\/p>\n<p class=\"text\"><a href=\"https:\/\/www.adorocinema.com\/noticias\/filmes\/noticia-1000166376\/\" rel=\"nofollow noopener\" target=\"_blank\">Frankenstein vai estrear no cinema ou na Netflix? Entenda como ser\u00e1 o lan\u00e7amento do filme de terror de Guillermo del Toro<\/a><\/p>\n<p class=\"text\"><a href=\"https:\/\/www.adorocinema.com\/noticias\/filmes\/noticia-1000167625\/\" rel=\"nofollow noopener\" target=\"_blank\">Irreconhec\u00edvel! Trailer final de Frankenstein revela visual de Jacob Elordi como a criatura do filme de terror de Guillermo del Toro<\/a><\/p>\n","protected":false},"excerpt":{"rendered":"Frankenstein, de Guillermo del Toro, ter\u00e1 um lan\u00e7amento h\u00edbrido que contar\u00e1 com uma exibi\u00e7\u00e3o exclusiva em cinemas selecionados&hellip;\n","protected":false},"author":2,"featured_media":105651,"comment_status":"","ping_status":"","sticky":false,"template":"","format":"standard","meta":{"footnotes":""},"categories":[140],"tags":[114,115,147,148,146,32,33],"class_list":{"0":"post-105650","1":"post","2":"type-post","3":"status-publish","4":"format-standard","5":"has-post-thumbnail","7":"category-filmes","8":"tag-entertainment","9":"tag-entretenimento","10":"tag-film","11":"tag-filmes","12":"tag-movies","13":"tag-portugal","14":"tag-pt"},"share_on_mastodon":{"url":"","error":""},"_links":{"self":[{"href":"https:\/\/www.europesays.com\/pt\/wp-json\/wp\/v2\/posts\/105650","targetHints":{"allow":["GET"]}}],"collection":[{"href":"https:\/\/www.europesays.com\/pt\/wp-json\/wp\/v2\/posts"}],"about":[{"href":"https:\/\/www.europesays.com\/pt\/wp-json\/wp\/v2\/types\/post"}],"author":[{"embeddable":true,"href":"https:\/\/www.europesays.com\/pt\/wp-json\/wp\/v2\/users\/2"}],"replies":[{"embeddable":true,"href":"https:\/\/www.europesays.com\/pt\/wp-json\/wp\/v2\/comments?post=105650"}],"version-history":[{"count":0,"href":"https:\/\/www.europesays.com\/pt\/wp-json\/wp\/v2\/posts\/105650\/revisions"}],"wp:featuredmedia":[{"embeddable":true,"href":"https:\/\/www.europesays.com\/pt\/wp-json\/wp\/v2\/media\/105651"}],"wp:attachment":[{"href":"https:\/\/www.europesays.com\/pt\/wp-json\/wp\/v2\/media?parent=105650"}],"wp:term":[{"taxonomy":"category","embeddable":true,"href":"https:\/\/www.europesays.com\/pt\/wp-json\/wp\/v2\/categories?post=105650"},{"taxonomy":"post_tag","embeddable":true,"href":"https:\/\/www.europesays.com\/pt\/wp-json\/wp\/v2\/tags?post=105650"}],"curies":[{"name":"wp","href":"https:\/\/api.w.org\/{rel}","templated":true}]}}