{"id":105654,"date":"2025-10-10T22:33:17","date_gmt":"2025-10-10T22:33:17","guid":{"rendered":"https:\/\/www.europesays.com\/pt\/105654\/"},"modified":"2025-10-10T22:33:17","modified_gmt":"2025-10-10T22:33:17","slug":"veja-protocolo-de-14-dias-para-melhorar-sono-e-saude-mental-2","status":"publish","type":"post","link":"https:\/\/www.europesays.com\/pt\/105654\/","title":{"rendered":"Veja protocolo de 14 dias para melhorar sono e sa\u00fade mental"},"content":{"rendered":"<p><img fetchpriority=\"high\" decoding=\"async\" class=\"w-fit lg:w-full\" loading=\"eager\" src=\"https:\/\/www.europesays.com\/pt\/wp-content\/uploads\/2025\/10\/5447130_ee76724542f6ada.jpg\" title=\"fizkes \/ Shutterstock | Portal EdiCase\" alt=\"fizkes \/ Shutterstock | Portal EdiCase\" width=\"700\" height=\"477\"\/>A qualidade do sono est\u00e1 diretamente ligada \u00e0 estabilidade emocional e ao desempenho di\u00e1rio fizkes \/ Shutterstock | Portal EdiCase<\/p>\n<p>No Dia Mundial da Sa\u00fade Mental, em 10 de outubro, a irregularidade do sono e o est\u00edmulo constante de celulares e computadores ganham foco como combina\u00e7\u00e3o que adoece. Dormir pouco e passar muitas horas diante de telas eleva o estresse, fragiliza o humor e compromete a produtividade.<\/p>\n<p>Para a psic\u00f3loga La\u00eds Mutuberria, especialista em sa\u00fade mental e neuroci\u00eancia do comportamento, interven\u00e7\u00f5es simples e consistentes podem produzir uma melhora percept\u00edvel em duas semanas. No entanto, ela ressalta que a consolida\u00e7\u00e3o desse processo exige const\u00e2ncia e, em muitos casos, meses de pr\u00e1tica para alcan\u00e7ar resultados duradouros. \u201cN\u00e3o \u00e9 promessa de cura, \u00e9 higiene de rotina. Quando o corpo volta a reconhecer os sinais de sono e acordar, a mente responde\u201d, afirma.<\/p>\n<p>Sono insuficiente impacta a sa\u00fade mental<\/p>\n<p>Sono insuficiente altera circuitos de aten\u00e7\u00e3o e regula\u00e7\u00e3o emocional. Pessoas privadas de sono relatam maior reatividade, irrita\u00e7\u00e3o e queda de motiva\u00e7\u00e3o. Em paralelo, o excesso de est\u00edmulo luminoso \u00e0 noite desorganiza o <strong>rel\u00f3gio biol\u00f3gico<\/strong>, atrasa o in\u00edcio do sono e favorece despertares. \u201cO humor n\u00e3o despenca de uma vez. Ele vai se desgastando em noites ruins que se acumulam\u201d, explica La\u00eds Mutuberria.<\/p>\n<p>Aplicativos e plataformas disputam segundos de foco. A oscila\u00e7\u00e3o cont\u00ednua entre notifica\u00e7\u00f5es e v\u00eddeos curtos treina o c\u00e9rebro para buscar novidade e dificulta a desacelera\u00e7\u00e3o. O efeito rebote aparece ao deitar, quando a mente permanece acelerada. \u201cA pessoa sente <strong>cansa\u00e7o<\/strong>, mas n\u00e3o relaxa. \u00c9 exaust\u00e3o sem descanso\u201d, diz a especialista.<\/p>\n<p>Rotina noturna poss\u00edvel<\/p>\n<p>O ajuste deve caber no cotidiano, sem grandes esfor\u00e7os ou mudan\u00e7as bruscas. Tr\u00eas eixos orientam a rotina: hor\u00e1rios, luz e est\u00edmulo. Manter horas fixas para dormir e acordar, inclusive no fim de semana, d\u00e1 previsibilidade ao organismo.<\/p>\n<p>Exposi\u00e7\u00e3o \u00e0 luz natural pela manh\u00e3 e penumbra no fim do dia ajudam a sinalizar in\u00edcio e t\u00e9rmino do ciclo. \u00c0 noite, cortar cafe\u00edna, <strong>\u00e1lcool<\/strong> e exerc\u00edcios de alta intensidade, al\u00e9m de limitar telas, favorece a transi\u00e7\u00e3o para o sono. \u201cO b\u00e1sico funciona quando vira h\u00e1bito. A meta \u00e9 previsibilidade, n\u00e3o perfei\u00e7\u00e3o\u201d, diz a psic\u00f3loga.<\/p>\n<p>Protocolo de 14 dias<\/p>\n<p>O protocolo de 14 dias prop\u00f5e mudan\u00e7as simples para regular o sono e melhorar o bem-estar. A ideia \u00e9 criar const\u00e2ncia e reduzir est\u00edmulos noturnos de forma gradual. Confira abaixo!<\/p>\n<p><strong>Dias 1 a 3<\/strong><\/p>\n<p>Registrar hor\u00e1rio em que deitou, tempo estimado para adormecer, despertares e hora de acordar. Mapear o uso de telas \u00e0 noite e o consumo de cafe\u00edna ap\u00f3s o meio da tarde. N\u00e3o compensar com sonecas.<\/p>\n<p><strong>Dias 4 a 7<\/strong><\/p>\n<p>Fixar janela est\u00e1vel de sono, com deitar e acordar em hor\u00e1rios constantes. Criar per\u00edodo de desacelera\u00e7\u00e3o de quarenta e cinco a sessenta minutos sem telas antes de dormir. Trocar o celular por leitura leve em papel, <strong>respira\u00e7\u00e3o<\/strong> lenta e luz baixa. Expor-se ao sol logo pela manh\u00e3 por 15 minutos. Manter hidrata\u00e7\u00e3o e jantar leve.<\/p>\n<p><strong>Dias 8 a 10<\/strong><\/p>\n<p>Ampliar a prote\u00e7\u00e3o do hor\u00e1rio noturno. Desligar notifica\u00e7\u00f5es ap\u00f3s um hor\u00e1rio definido. Estabelecer ponto final para trabalho e estudo. Introduzir rotina curta de relaxamento, como alongamento tranquilo e di\u00e1rio de preocupa\u00e7\u00f5es com tr\u00eas linhas sobre o que pode ser resolvido no dia seguinte. \u201cEscrever tira da cabe\u00e7a o que fica ruminando. O objetivo \u00e9 dar \u00e0 mente um lugar para guardar\u201d, diz a psic\u00f3loga.<\/p>\n<p><strong>Dias 11 a 14<\/strong><\/p>\n<p>Consolidar ganhos. Manter a janela de sono com varia\u00e7\u00e3o m\u00e1xima de uma hora no fim de semana. Reduzir uso recreativo de tela \u00e0 noite a 30 minutos. Se houver despertar noturno prolongado, evite sair da cama e busque relaxar. Refor\u00e7ar a exposi\u00e7\u00e3o \u00e0 luz natural pela manh\u00e3 e inserir movimento di\u00e1rio moderado, como caminhada de 20 a 30 minutos.<\/p>\n<p><img decoding=\"async\" class=\"w-fit lg:w-full\" loading=\"eager\" src=\"https:\/\/www.europesays.com\/pt\/wp-content\/uploads\/2025\/10\/5447135_8e4eb9e32b0d155.jpg\" title=\"New Africa \/ Shutterstock | Portal EdiCase\" alt=\"New Africa \/ Shutterstock | Portal EdiCase\" width=\"700\" height=\"477\"\/>Cada indiv\u00edduo tem uma necessidade de sono diferente e esta, por sua vez, se modifica ao longo da vida New Africa \/ Shutterstock | Portal EdiCase<\/p>\n<p>Quantidade de horas de sono<\/p>\n<p>N\u00e3o existe quantidade de horas de sono que sirva a todos; se tem uma m\u00e9dia para cada faixa et\u00e1ria do que se percebe que \u00e9 saud\u00e1vel. Mas existem varia\u00e7\u00f5es de pessoa para pessoa sobre sua necessidade e, ali\u00e1s, elas se modificam ao longo da vida.<\/p>\n<p>O ponto \u00e9 acordar descansado com regularidade. Compensar no fim de semana n\u00e3o resolve, pois oscila\u00e7\u00f5es grandes criam um <strong>jet lag<\/strong> social que atrapalha a semana seguinte. Modos noturnos atenuam brilho, mas n\u00e3o eliminam o est\u00edmulo cognitivo. \u201cO problema n\u00e3o \u00e9 s\u00f3 a luz. \u00c9 a excita\u00e7\u00e3o mental cont\u00ednua\u201d, afirma La\u00eds Mutuberria.<\/p>\n<p>Sinais de ins\u00f4nia e transtornos do sono<\/p>\n<p>Dificuldade persistente para iniciar ou manter o sono, cansa\u00e7o diurno que prejudica atividades, irritabilidade e aten\u00e7\u00e3o reduzida por ao menos tr\u00eas vezes na semana e por mais de tr\u00eas meses sugerem ins\u00f4nia cr\u00f4nica.<\/p>\n<p>Ronco alto e pausas respirat\u00f3rias podem indicar apneia. Sonol\u00eancia irresist\u00edvel em hor\u00e1rios inadequados merece investiga\u00e7\u00e3o. Pesadelos recorrentes, terror noturno e movimentos involunt\u00e1rios nas pernas tamb\u00e9m pedem avalia\u00e7\u00e3o.<\/p>\n<p>Se a sugest\u00e3o de protocolo de duas semanas n\u00e3o traz melhora, ou se o preju\u00edzo funcional \u00e9 alto, \u00e9 hora de buscar atendimento. Pessoas com <strong>depress\u00e3o<\/strong>, ansiedade grave, dor cr\u00f4nica, uso de subst\u00e2ncias ou medica\u00e7\u00f5es que interferem no sono precisam de acompanhamento integrado. \u201cSono \u00e9 pilar de sa\u00fade. Quando ele falha de modo repetido, n\u00e3o \u00e9 fraqueza. \u00c9 sinal de que precisamos intervir com t\u00e9cnica e cuidado\u201d, diz a psic\u00f3loga.<\/p>\n<p>Como pedir ajuda no trabalho e na escola<\/p>\n<p>Trazer o tema do sono e da sa\u00fade mental para a rotina de empresas e escolas \u00e9 um convite a repensar como estamos organizando nossas demandas coletivas e individuais. Muitas vezes, o desgaste n\u00e3o se resolve apenas com esfor\u00e7o pessoal, mas com espa\u00e7os de di\u00e1logo que permitam ajustar expectativas, reconhecer limites e criar <strong>solu\u00e7\u00f5es<\/strong> compartilhadas.<\/p>\n<p>Refletir sobre como pedir ajuda nesses contextos implica considerar de que maneira podemos nomear o que sentimos, comunicar o impacto em nossas atividades e construir alternativas que respeitem tanto a pessoa quanto a comunidade em que est\u00e1 inserida.<\/p>\n<p>Mais do que orienta\u00e7\u00f5es prontas, trata-se de abrir conversas honestas sobre o que pode ser flexibilizado e de que forma ajustes tempor\u00e1rios ou permanentes podem beneficiar a todos. Reconhecer que sono e bem-estar n\u00e3o s\u00e3o luxo, mas parte da produtividade saud\u00e1vel, pode transformar a cultura organizacional e acad\u00eamica.<\/p>\n<p>Regularidade, equil\u00edbrio entre est\u00edmulos e <strong>descanso<\/strong> e ambientes que acolhem as necessidades humanas s\u00e3o passos importantes. Quando esse equil\u00edbrio n\u00e3o se alcan\u00e7a sozinho, buscar apoio especializado deixa de ser sinal de fragilidade para se tornar uma estrat\u00e9gia madura de cuidado, capaz de fortalecer tanto o indiv\u00edduo quanto o coletivo.<\/p>\n","protected":false},"excerpt":{"rendered":"A qualidade do sono est\u00e1 diretamente ligada \u00e0 estabilidade emocional e ao desempenho di\u00e1rio fizkes \/ Shutterstock |&hellip;\n","protected":false},"author":2,"featured_media":105655,"comment_status":"","ping_status":"","sticky":false,"template":"","format":"standard","meta":{"footnotes":""},"categories":[86],"tags":[4227,116,32,33,117],"class_list":{"0":"post-105654","1":"post","2":"type-post","3":"status-publish","4":"format-standard","5":"has-post-thumbnail","7":"category-saude","8":"tag-edi-case","9":"tag-health","10":"tag-portugal","11":"tag-pt","12":"tag-saude"},"share_on_mastodon":{"url":"","error":""},"_links":{"self":[{"href":"https:\/\/www.europesays.com\/pt\/wp-json\/wp\/v2\/posts\/105654","targetHints":{"allow":["GET"]}}],"collection":[{"href":"https:\/\/www.europesays.com\/pt\/wp-json\/wp\/v2\/posts"}],"about":[{"href":"https:\/\/www.europesays.com\/pt\/wp-json\/wp\/v2\/types\/post"}],"author":[{"embeddable":true,"href":"https:\/\/www.europesays.com\/pt\/wp-json\/wp\/v2\/users\/2"}],"replies":[{"embeddable":true,"href":"https:\/\/www.europesays.com\/pt\/wp-json\/wp\/v2\/comments?post=105654"}],"version-history":[{"count":0,"href":"https:\/\/www.europesays.com\/pt\/wp-json\/wp\/v2\/posts\/105654\/revisions"}],"wp:featuredmedia":[{"embeddable":true,"href":"https:\/\/www.europesays.com\/pt\/wp-json\/wp\/v2\/media\/105655"}],"wp:attachment":[{"href":"https:\/\/www.europesays.com\/pt\/wp-json\/wp\/v2\/media?parent=105654"}],"wp:term":[{"taxonomy":"category","embeddable":true,"href":"https:\/\/www.europesays.com\/pt\/wp-json\/wp\/v2\/categories?post=105654"},{"taxonomy":"post_tag","embeddable":true,"href":"https:\/\/www.europesays.com\/pt\/wp-json\/wp\/v2\/tags?post=105654"}],"curies":[{"name":"wp","href":"https:\/\/api.w.org\/{rel}","templated":true}]}}