{"id":105661,"date":"2025-10-10T22:40:14","date_gmt":"2025-10-10T22:40:14","guid":{"rendered":"https:\/\/www.europesays.com\/pt\/105661\/"},"modified":"2025-10-10T22:40:14","modified_gmt":"2025-10-10T22:40:14","slug":"jose-raposo-chora-mais-uma-morte-todas-as-minhas-referencias-estao-a-desaparecer","status":"publish","type":"post","link":"https:\/\/www.europesays.com\/pt\/105661\/","title":{"rendered":"Jos\u00e9 Raposo chora mais uma morte. &#8220;Todas as minhas refer\u00eancias est\u00e3o a desaparecer&#8221;"},"content":{"rendered":"<p data-end=\"384\" data-start=\"0\">O ator <strong data-end=\"101\" data-start=\"7\"><a href=\"https:\/\/tvi.iol.pt\/vmais\/videos\/jose-raposo-faz-algo-diferente-da-maioria-dos-colegas-se-calhar-nao-sou-artista\/68e681880cf29d28d828cd2d\" rel=\"nofollow noopener\" target=\"_blank\">Jos\u00e9 Raposo <\/a>recorreu \u00e0s redes sociais para lamentar mais uma perda importante na sua vida.<\/strong> Apenas quatro dias depois de ter expressado publicamente a dor pela morte de um amigo e grande nome do teatro nacional, o ator voltou a manifestar-se, desta vez para chorar a partida de <strong data-end=\"305\" data-start=\"288\">Moniz Ribeiro<\/strong>, reconhecido cen\u00f3grafo e figura de refer\u00eancia nas artes c\u00e9nicas portuguesas.<\/p>\n<p data-end=\"754\" data-start=\"386\">A not\u00edcia da morte foi divulgada pelo <strong data-end=\"440\" data-start=\"424\">Parque Mayer<\/strong>, atrav\u00e9s da sua conta oficial no Instagram. Na publica\u00e7\u00e3o, a institui\u00e7\u00e3o destacou o percurso do cen\u00f3grafo, referindo que <strong data-end=\"726\" data-start=\"562\">Moniz Ribeiro \u201ccolaborou em dezenas de revistas no Parque Mayer e em v\u00e1rios outros teatros do pa\u00eds. Uma importante figura do Parque Mayer e do teatro portugu\u00eas\u201d<\/strong>, podia ler-se na legenda.<\/p>\n<p data-end=\"754\" data-start=\"386\">\u00a0<\/p>\n<blockquote class=\"instagram-media\" data-instgrm-captioned=\"\" data-instgrm-permalink=\"https:\/\/www.instagram.com\/p\/DPlhaMJCAUF\/?utm_source=ig_embed&amp;utm_campaign=loading\" data-instgrm-version=\"14\" style=\" background:#FFF; border:0; border-radius:3px; box-shadow:0 0 1px 0 rgba(0,0,0,0.5),0 1px 10px 0 rgba(0,0,0,0.15); margin: 1px; max-width:540px; min-width:326px; padding:0; width:99.375%; width:-webkit-calc(100% - 2px); width:calc(100% - 2px);\">\n<\/blockquote>\n<p data-end=\"1151\" data-start=\"756\">Pouco tempo depois, <strong data-end=\"808\" data-start=\"776\">Jos\u00e9 Raposo reagiu \u00e0 not\u00edcia<\/strong>, sublinhando a relev\u00e2ncia do trabalho do artista: <strong data-end=\"923\" data-start=\"859\">\u201cMais um enorme das artes pl\u00e1sticas do teatro que nos deixa\u201d<\/strong>, escreveu. O ator recordou ainda que <strong data-end=\"1138\" data-start=\"961\">\u201ccom o seu enorme talento cenografou muitas revistas do Parque Mayer, algumas onde participei como ator. Trabalhou tamb\u00e9m muito para televis\u00e3o e foi professor de cenografia\u201d<\/strong>, destacou.<\/p>\n<p data-end=\"1432\" data-is-last-node=\"\" data-is-only-node=\"\" data-start=\"1153\">Na parte final da sua publica\u00e7\u00e3o, acompanhada por uma fotografia de Moniz Ribeiro, o ator deixou uma nota emocionada sobre o impacto destas perdas: <strong data-end=\"1432\" data-is-last-node=\"\" data-start=\"1301\">\u201cTodas as minhas refer\u00eancias est\u00e3o a desaparecer, mas fa\u00e7o quest\u00e3o de as recordar, sempre! Sinto muito! Sentimentos \u00e0 fam\u00edlia.\u201d<\/strong><\/p>\n<p data-end=\"1432\" data-is-last-node=\"\" data-is-only-node=\"\" data-start=\"1153\">Veja aqui a \u00faltima entrevista do ator no programa Bom Dia Alegria.\u00a0<\/p>\n<p>Veja aqui:<\/p>\n<p><a href=\"https:\/\/tvi.iol.pt\/vmais\/historias-de-amor\/paixao\/o-meu-noivo-ficou-paraplegico-na-despedida-de-solteiro-chorei-ate-me-doer-o-corpo\" rel=\"nofollow noopener\" target=\"_blank\">O meu noivo ficou parapl\u00e9gico na despedida de solteiro: &#8220;Chorei at\u00e9 me doer o corpo&#8221; &#8211; V+ TVI<\/a><\/p>\n<p><a href=\"https:\/\/tvi.iol.pt\/vmais\/historias-de-amor\/casamento\/eu-e-o-meu-marido-casamos-virgens-aos-31-anos-as-maos-tremiam-o-coracao-batia-depressa-cada-toque-era-uma-revelacao\" rel=\"nofollow noopener\" target=\"_blank\">Eu e o meu marido cas\u00e1mos virgens aos 31 anos: &#8220;As m\u00e3os tremiam, o cora\u00e7\u00e3o batia depressa, cada toque era uma revela\u00e7\u00e3o&#8221; &#8211; V+ TVI<\/a>\u00a0<\/p>\n<p>                        <script async src=\"\/\/www.instagram.com\/embed.js\"><\/script><\/p>\n","protected":false},"excerpt":{"rendered":"O ator Jos\u00e9 Raposo recorreu \u00e0s redes sociais para lamentar mais uma perda importante na sua vida. Apenas&hellip;\n","protected":false},"author":2,"featured_media":105662,"comment_status":"","ping_status":"","sticky":false,"template":"","format":"standard","meta":{"footnotes":""},"categories":[145],"tags":[73,72,66,211,210,114,115,77,69,10266,75,1339,25395,1437,71,67,25396,32,33,76,74,70,35,78,68],"class_list":{"0":"post-105661","1":"post","2":"type-post","3":"status-publish","4":"format-standard","5":"has-post-thumbnail","7":"category-celebridades","8":"tag-a-jornada","9":"tag-bate-bola","10":"tag-bom-dia-alegria","11":"tag-celebridades","12":"tag-celebrities","13":"tag-entertainment","14":"tag-entretenimento","15":"tag-estudio-estadio","16":"tag-fanaticos","17":"tag-jose-raposo","18":"tag-livre-e-direto","19":"tag-luto","20":"tag-moniz-pereira","21":"tag-morte","22":"tag-nova-geracao","23":"tag-para-si","24":"tag-parque-mayer","25":"tag-portugal","26":"tag-pt","27":"tag-segredos-do-prazer","28":"tag-segue-o-jogo","29":"tag-super-craques","30":"tag-transferencias","31":"tag-v-fama","32":"tag-var-aberto"},"share_on_mastodon":{"url":"","error":""},"_links":{"self":[{"href":"https:\/\/www.europesays.com\/pt\/wp-json\/wp\/v2\/posts\/105661","targetHints":{"allow":["GET"]}}],"collection":[{"href":"https:\/\/www.europesays.com\/pt\/wp-json\/wp\/v2\/posts"}],"about":[{"href":"https:\/\/www.europesays.com\/pt\/wp-json\/wp\/v2\/types\/post"}],"author":[{"embeddable":true,"href":"https:\/\/www.europesays.com\/pt\/wp-json\/wp\/v2\/users\/2"}],"replies":[{"embeddable":true,"href":"https:\/\/www.europesays.com\/pt\/wp-json\/wp\/v2\/comments?post=105661"}],"version-history":[{"count":0,"href":"https:\/\/www.europesays.com\/pt\/wp-json\/wp\/v2\/posts\/105661\/revisions"}],"wp:featuredmedia":[{"embeddable":true,"href":"https:\/\/www.europesays.com\/pt\/wp-json\/wp\/v2\/media\/105662"}],"wp:attachment":[{"href":"https:\/\/www.europesays.com\/pt\/wp-json\/wp\/v2\/media?parent=105661"}],"wp:term":[{"taxonomy":"category","embeddable":true,"href":"https:\/\/www.europesays.com\/pt\/wp-json\/wp\/v2\/categories?post=105661"},{"taxonomy":"post_tag","embeddable":true,"href":"https:\/\/www.europesays.com\/pt\/wp-json\/wp\/v2\/tags?post=105661"}],"curies":[{"name":"wp","href":"https:\/\/api.w.org\/{rel}","templated":true}]}}