{"id":105681,"date":"2025-10-10T23:03:32","date_gmt":"2025-10-10T23:03:32","guid":{"rendered":"https:\/\/www.europesays.com\/pt\/105681\/"},"modified":"2025-10-10T23:03:32","modified_gmt":"2025-10-10T23:03:32","slug":"radio-observador-passa-antena-1-e-tsf-em-lisboa-e-porto-observador","status":"publish","type":"post","link":"https:\/\/www.europesays.com\/pt\/105681\/","title":{"rendered":"R\u00e1dio Observador passa Antena 1 e TSF em &#8220;Lisboa e Porto&#8221; \u2013 Observador"},"content":{"rendered":"<p>Seis anos depois do arranque do projeto, a R\u00e1dio Observador ganha cada vez mais for\u00e7a tamb\u00e9m nas audi\u00eancias do Bareme da Marktest. A Audi\u00eancia Acumulada de V\u00e9spera global bateu novo recorde, subindo de 2,1 para 2,3, o que coloca a R\u00e1dio Observador a apenas 3 d\u00e9cimas da TSF, que existe h\u00e1 36 anos.<\/p>\n<p>Tamb\u00e9m foi batido novo recorde na Grande Lisboa, com 4,6, a caminho de duplicar a audi\u00eancia da TSF que foi de apenas 2,7 na regi\u00e3o da capital. No Litoral Norte, idem: j\u00e1 vamos com 2,8 face aos 1,8 da outra r\u00e1dio de informa\u00e7\u00e3o. No litoral centro e no Sul, tamb\u00e9m temos mais ouvintes do que a TSF, que apenas resiste no Porto e no Interior Norte.<\/p>\n<p>Na medi\u00e7\u00e3o que agrega os dados de \u201cGrande Lisboa e Grande Porto\u201d, a R\u00e1dio Observador ultrapassou tamb\u00e9m a Antena 1, al\u00e9m da TSF. O mesmo acontece nas medi\u00e7\u00f5es de escuta na Internet, a 30 dias, e tamb\u00e9m a 7 dias, onde a R\u00e1dio Observador \u00e9 j\u00e1 a 5\u00aa a n\u00edvel nacional, apenas atr\u00e1s das r\u00e1dios de m\u00fasica Comercial, RFM, M80, e da Renascen\u00e7a.<\/p>\n<p>Nos \u00faltimos meses, abrangidos por este per\u00edodo de inqu\u00e9ritos da Marktest, a R\u00e1dio Observador intensificou a sua cobertura pol\u00edtica, para dar ainda mais aten\u00e7\u00e3o \u00e0s pr\u00e9-campanhas para as aut\u00e1rquicas e as presidenciais.<\/p>\n<p>A estes n\u00fameros que continuam a subir, junta-se a lideran\u00e7a do Observador no ranking nacional de podcasts em Julho e Agosto. Os n\u00fameros de Setembro dever\u00e3o ser divulgados na pr\u00f3xima semana.<\/p>\n","protected":false},"excerpt":{"rendered":"Seis anos depois do arranque do projeto, a R\u00e1dio Observador ganha cada vez mais for\u00e7a tamb\u00e9m nas audi\u00eancias&hellip;\n","protected":false},"author":2,"featured_media":105682,"comment_status":"","ping_status":"","sticky":false,"template":"","format":"standard","meta":{"footnotes":""},"categories":[141],"tags":[114,115,149,150,861,32,33,18536],"class_list":{"0":"post-105681","1":"post","2":"type-post","3":"status-publish","4":"format-standard","5":"has-post-thumbnail","7":"category-musica","8":"tag-entertainment","9":"tag-entretenimento","10":"tag-music","11":"tag-musica","12":"tag-observador","13":"tag-portugal","14":"tag-pt","15":"tag-ru00e1dio-observador"},"share_on_mastodon":{"url":"","error":""},"_links":{"self":[{"href":"https:\/\/www.europesays.com\/pt\/wp-json\/wp\/v2\/posts\/105681","targetHints":{"allow":["GET"]}}],"collection":[{"href":"https:\/\/www.europesays.com\/pt\/wp-json\/wp\/v2\/posts"}],"about":[{"href":"https:\/\/www.europesays.com\/pt\/wp-json\/wp\/v2\/types\/post"}],"author":[{"embeddable":true,"href":"https:\/\/www.europesays.com\/pt\/wp-json\/wp\/v2\/users\/2"}],"replies":[{"embeddable":true,"href":"https:\/\/www.europesays.com\/pt\/wp-json\/wp\/v2\/comments?post=105681"}],"version-history":[{"count":0,"href":"https:\/\/www.europesays.com\/pt\/wp-json\/wp\/v2\/posts\/105681\/revisions"}],"wp:featuredmedia":[{"embeddable":true,"href":"https:\/\/www.europesays.com\/pt\/wp-json\/wp\/v2\/media\/105682"}],"wp:attachment":[{"href":"https:\/\/www.europesays.com\/pt\/wp-json\/wp\/v2\/media?parent=105681"}],"wp:term":[{"taxonomy":"category","embeddable":true,"href":"https:\/\/www.europesays.com\/pt\/wp-json\/wp\/v2\/categories?post=105681"},{"taxonomy":"post_tag","embeddable":true,"href":"https:\/\/www.europesays.com\/pt\/wp-json\/wp\/v2\/tags?post=105681"}],"curies":[{"name":"wp","href":"https:\/\/api.w.org\/{rel}","templated":true}]}}