{"id":105713,"date":"2025-10-10T23:42:08","date_gmt":"2025-10-10T23:42:08","guid":{"rendered":"https:\/\/www.europesays.com\/pt\/105713\/"},"modified":"2025-10-10T23:42:08","modified_gmt":"2025-10-10T23:42:08","slug":"james-gunn-quase-levou-ryan-reynolds-como-deadpool-para-final-de-peacemaker","status":"publish","type":"post","link":"https:\/\/www.europesays.com\/pt\/105713\/","title":{"rendered":"James Gunn quase levou Ryan Reynolds como Deadpool para final de Peacemaker"},"content":{"rendered":"<p>O epis\u00f3dio final de Peacemaker \u2013 Temporada 2, intitulado &#8220;Full Nelson&#8221;, j\u00e1 estreou na HBO Max e trouxe v\u00e1rias surpresas dignas de James Gunn. Mas o realizador revelou que havia uma ideia ainda mais louca em cima da mesa: uma participa\u00e7\u00e3o especial de Deadpool, o irreverente anti-her\u00f3i interpretado por Ryan Reynolds no Universo Cinem\u00e1tico da Marvel.<\/p>\n<p>Relacionado<a href=\"https:\/\/pt.ign.com\/deadpool-3\/147093\/news\/ryan-reynolds-apresentou-ideia-para-um-star-wars-r-rated-a-disney\" class=\"recirc_odd\" rel=\"nofollow noopener\" target=\"_blank\"><img decoding=\"async\" class=\"image\" src=\"https:\/\/www.europesays.com\/pt\/wp-content\/uploads\/2025\/10\/ryan-reynolds-says-he-pitched-an-r-rated-star-wars-project-t_p6n5.640.jpg\" alt=\"Ryan Reynolds apresentou ideia para um Star Wars R-Rated \u00e0 Disney\"\/>Ryan Reynolds apresentou ideia para um Star Wars R-Rated \u00e0 Disney<\/a><\/p>\n<p>Durante uma confer\u00eancia de imprensa virtual realizada esta semana, Gunn foi questionado sobre que universos gostaria de ter explorado no epis\u00f3dio final, onde o dispositivo conhecido como *Quantum Unfolding Chamber abre portais para m\u00faltiplas dimens\u00f5es. Entre risos, o cineasta respondeu: \u201cSim, queria que eles abrissem uma porta e vissem o Deadpool numa sala. At\u00e9 falei com o Ryan Reynolds sobre isso. Ele queria faz\u00ea-lo, mas ter\u00edamos de ultrapassar muitos obst\u00e1culos legais para conseguir. Ainda assim, ele estava dentro.\u201d<\/p>\n<p>A ideia, embora divertida, teria implica\u00e7\u00f5es enormes. Deadpool pertence ao universo Marvel, agora integrado no multiverso do UCM, enquanto Peacemaker faz parte do novo DCU que James Gunn est\u00e1 a construir. Uma simples apari\u00e7\u00e3o do personagem teria servido como confirma\u00e7\u00e3o de que os dois universos coexistem e poderiam at\u00e9 cruzar-se um dia. Mas, como o pr\u00f3prio Gunn reconheceu, as manobras jur\u00eddicas para tal seriam praticamente imposs\u00edveis.<\/p>\n<p>Entre gargalhadas, o realizador lamentou ter revelado o quase-cameo: \u201cAgora \u00e9 s\u00f3 disso que toda a gente vai falar. \u2018O Deadpool est\u00e1 na outra sala?\u2019 Devia ter ficado calado!\u201d<\/p>\n<p>Com ou sem Deadpool, o final da segunda temporada de Peacemaker manteve o tom irreverente e ca\u00f3tico que tornou a s\u00e9rie uma das mais populares da DC. E se o crossover entre Marvel e DC ainda parece um sonho distante, pelo menos sabemos que James Gunn, que j\u00e1 trabalhou nos dois lados da barricada, est\u00e1 dispon\u00edvel para tal.<\/p>\n","protected":false},"excerpt":{"rendered":"O epis\u00f3dio final de Peacemaker \u2013 Temporada 2, intitulado &#8220;Full Nelson&#8221;, j\u00e1 estreou na HBO Max e trouxe&hellip;\n","protected":false},"author":2,"featured_media":105714,"comment_status":"","ping_status":"","sticky":false,"template":"","format":"standard","meta":{"footnotes":""},"categories":[140],"tags":[114,115,147,148,146,32,33],"class_list":{"0":"post-105713","1":"post","2":"type-post","3":"status-publish","4":"format-standard","5":"has-post-thumbnail","7":"category-filmes","8":"tag-entertainment","9":"tag-entretenimento","10":"tag-film","11":"tag-filmes","12":"tag-movies","13":"tag-portugal","14":"tag-pt"},"share_on_mastodon":{"url":"","error":""},"_links":{"self":[{"href":"https:\/\/www.europesays.com\/pt\/wp-json\/wp\/v2\/posts\/105713","targetHints":{"allow":["GET"]}}],"collection":[{"href":"https:\/\/www.europesays.com\/pt\/wp-json\/wp\/v2\/posts"}],"about":[{"href":"https:\/\/www.europesays.com\/pt\/wp-json\/wp\/v2\/types\/post"}],"author":[{"embeddable":true,"href":"https:\/\/www.europesays.com\/pt\/wp-json\/wp\/v2\/users\/2"}],"replies":[{"embeddable":true,"href":"https:\/\/www.europesays.com\/pt\/wp-json\/wp\/v2\/comments?post=105713"}],"version-history":[{"count":0,"href":"https:\/\/www.europesays.com\/pt\/wp-json\/wp\/v2\/posts\/105713\/revisions"}],"wp:featuredmedia":[{"embeddable":true,"href":"https:\/\/www.europesays.com\/pt\/wp-json\/wp\/v2\/media\/105714"}],"wp:attachment":[{"href":"https:\/\/www.europesays.com\/pt\/wp-json\/wp\/v2\/media?parent=105713"}],"wp:term":[{"taxonomy":"category","embeddable":true,"href":"https:\/\/www.europesays.com\/pt\/wp-json\/wp\/v2\/categories?post=105713"},{"taxonomy":"post_tag","embeddable":true,"href":"https:\/\/www.europesays.com\/pt\/wp-json\/wp\/v2\/tags?post=105713"}],"curies":[{"name":"wp","href":"https:\/\/api.w.org\/{rel}","templated":true}]}}