{"id":105717,"date":"2025-10-10T23:44:09","date_gmt":"2025-10-10T23:44:09","guid":{"rendered":"https:\/\/www.europesays.com\/pt\/105717\/"},"modified":"2025-10-10T23:44:09","modified_gmt":"2025-10-10T23:44:09","slug":"mais-de-800-mil-vacinas-administradas-contra-gripe-e-covid19-em-duas-semanas-2","status":"publish","type":"post","link":"https:\/\/www.europesays.com\/pt\/105717\/","title":{"rendered":"Mais de 800 mil vacinas administradas contra gripe e covid19 em duas semanas"},"content":{"rendered":"<p>No segundo relat\u00f3rio semanal da vacina\u00e7\u00e3o sazonal indica-se que nesse per\u00edodo foram vacinadas 304.554 pessoas com refor\u00e7o sazonal contra a covid-19 e 514.906 pessoas contra a gripe.<\/p>\n<p>Segundo o documento hoje divulgado foram vacinadas s\u00f3 na \u00faltima semana 330.961 pessoas contra a gripe, mais de 172 mil em farm\u00e1cias e 158 mil no Servi\u00e7o Nacional de Sa\u00fade (SNS).<\/p>\n<p>Contra a covid-19 foram vacinadas nos \u00faltimos sete dias 198.029 pessoas, mais de 100 mil em farm\u00e1cias.<\/p>\n<p>Segundo os dados da DGS at\u00e9 ao passado domingo tinham sido vacinadas contra a gripe 77.401 pessoas com mais de 85 anos, com uma taxa de cobertura vacinal de 22,65%. Contra a covid-19 foram administradas nesta faixa et\u00e1ria 55.288 vacinas, com uma cobertura vacinal de 16,18%.<\/p>\n<p>A faixa et\u00e1ria com mais vacina\u00e7\u00e3o foi at\u00e9 agora a das pessoas entre os 70 e os 79 anos, com 180.010 a receberem a vacina contra a gripe e 109.392 a vacina contra a covid-19.<\/p>\n<p>O total de pessoas com 60 anos ou mais vacinadas contra a gripe chegou nas primeiras duas semanas aos 449.105 (14,94% de cobertura vacinal), tendo 279.147 (9,29%) recebido a vacina contra a covid-19.<\/p>\n<p>A campanha de vacina\u00e7\u00e3o Sazonal outono-inverno 2025-2026 decorre at\u00e9 30 de abril de 2026, em unidades de sa\u00fade do SNS e em 2.500 farm\u00e1cias comunit\u00e1rias, e o objetivo da DGS \u00e9 vacinar cerca de 2,5 milh\u00f5es contra a gripe e 1,5 milh\u00e3o contra a covid-19.<\/p>\n<p>Sob o lema \u201cVacine-se e proteja os momentos mais importantes&#8221;, a campanha sazonal, que arrancou em 23 de setembro, traz este ano como novidade a vacina\u00e7\u00e3o gratuita contra a gripe para todas as crian\u00e7as entre os seis e os 23 meses e comparticipada para as que t\u00eam entre os dois e os cinco anos.<\/p>\n<p>A DGS recomenda a vacina\u00e7\u00e3o contra a gripe e a covid-19 a todos os maiores de 60 anos, aos doentes cr\u00f3nicos de todas as idades e aos profissionais de sa\u00fade, recordando a import\u00e2ncia da imuniza\u00e7\u00e3o contra estes v\u00edrus.<\/p>\n","protected":false},"excerpt":{"rendered":"No segundo relat\u00f3rio semanal da vacina\u00e7\u00e3o sazonal indica-se que nesse per\u00edodo foram vacinadas 304.554 pessoas com refor\u00e7o sazonal&hellip;\n","protected":false},"author":2,"featured_media":84081,"comment_status":"","ping_status":"","sticky":false,"template":"","format":"standard","meta":{"footnotes":""},"categories":[86],"tags":[288,4261,4266,4262,836,611,260,4267,1564,3702,109,470,2535,315,135,476,4268,2085,524,116,2513,294,352,4272,4263,606,4269,3001,150,53,13,4282,4280,4281,4279,4278,4276,4277,4283,4284,4275,4274,4273,4264,835,4270,52,32,33,679,117,4265,58,110,2512,30,578,4271],"class_list":{"0":"post-105717","1":"post","2":"type-post","3":"status-publish","4":"format-standard","5":"has-post-thumbnail","7":"category-saude","8":"tag-alentejo","9":"tag-aljustrel","10":"tag-almodovar","11":"tag-alvito","12":"tag-analise","13":"tag-ao-minuto","14":"tag-atualidade","15":"tag-barrancos","16":"tag-beja","17":"tag-castro-verde","18":"tag-ciencia","19":"tag-cinema","20":"tag-cuba","21":"tag-cultura","22":"tag-desporto","23":"tag-economia","24":"tag-ferreira-do-alentejo","25":"tag-fotografia","26":"tag-futebol","27":"tag-health","28":"tag-jornal","29":"tag-lazer","30":"tag-local","31":"tag-magazine","32":"tag-mertola","33":"tag-meteorologia","34":"tag-moura","35":"tag-multimedia","36":"tag-musica","37":"tag-newsletters","38":"tag-noticias","39":"tag-noticias-de-ciencia","40":"tag-noticias-de-cultura","41":"tag-noticias-de-desporto","42":"tag-noticias-de-economia","43":"tag-noticias-de-local","44":"tag-noticias-de-politica","45":"tag-noticias-de-sociedade","46":"tag-noticias-de-tecnologia","47":"tag-noticias-em-portugues","48":"tag-noticias-mais-lidas","49":"tag-noticias-mais-partilhadas","50":"tag-noticias-populares","51":"tag-odemira","52":"tag-opiniao","53":"tag-ourique","54":"tag-politica","55":"tag-portugal","56":"tag-pt","57":"tag-reportagem","58":"tag-saude","59":"tag-serpa","60":"tag-sociedade","61":"tag-tecnologia","62":"tag-ultima-hora","63":"tag-ultimas-noticias","64":"tag-video","65":"tag-vidigueira"},"share_on_mastodon":{"url":"","error":""},"_links":{"self":[{"href":"https:\/\/www.europesays.com\/pt\/wp-json\/wp\/v2\/posts\/105717","targetHints":{"allow":["GET"]}}],"collection":[{"href":"https:\/\/www.europesays.com\/pt\/wp-json\/wp\/v2\/posts"}],"about":[{"href":"https:\/\/www.europesays.com\/pt\/wp-json\/wp\/v2\/types\/post"}],"author":[{"embeddable":true,"href":"https:\/\/www.europesays.com\/pt\/wp-json\/wp\/v2\/users\/2"}],"replies":[{"embeddable":true,"href":"https:\/\/www.europesays.com\/pt\/wp-json\/wp\/v2\/comments?post=105717"}],"version-history":[{"count":0,"href":"https:\/\/www.europesays.com\/pt\/wp-json\/wp\/v2\/posts\/105717\/revisions"}],"wp:featuredmedia":[{"embeddable":true,"href":"https:\/\/www.europesays.com\/pt\/wp-json\/wp\/v2\/media\/84081"}],"wp:attachment":[{"href":"https:\/\/www.europesays.com\/pt\/wp-json\/wp\/v2\/media?parent=105717"}],"wp:term":[{"taxonomy":"category","embeddable":true,"href":"https:\/\/www.europesays.com\/pt\/wp-json\/wp\/v2\/categories?post=105717"},{"taxonomy":"post_tag","embeddable":true,"href":"https:\/\/www.europesays.com\/pt\/wp-json\/wp\/v2\/tags?post=105717"}],"curies":[{"name":"wp","href":"https:\/\/api.w.org\/{rel}","templated":true}]}}