{"id":105722,"date":"2025-10-10T23:55:07","date_gmt":"2025-10-10T23:55:07","guid":{"rendered":"https:\/\/www.europesays.com\/pt\/105722\/"},"modified":"2025-10-10T23:55:07","modified_gmt":"2025-10-10T23:55:07","slug":"barbara-parada-recorda-periodo-dificil-e-envolve-francisco-monteiro-so-de-pensar-nessa-fase-da-me-ansiedade-secret-story","status":"publish","type":"post","link":"https:\/\/www.europesays.com\/pt\/105722\/","title":{"rendered":"B\u00e1rbara Parada recorda per\u00edodo dif\u00edcil e envolve Francisco Monteiro: \u00abS\u00f3 de pensar nessa fase d\u00e1-me ansiedade\u00bb &#8211; Secret Story"},"content":{"rendered":"<p data-end=\"699\" data-start=\"468\"><a href=\"https:\/\/tvi.iol.pt\/secretstory\/noticias\/B%C3%A1rbara-Parada\" target=\"_blank\" rel=\"nofollow noopener\"><strong>B\u00e1rbara Parada<\/strong><\/a>, conhecida pela sua participa\u00e7\u00e3o no <a href=\"https:\/\/tvi.iol.pt\/bigbrother\/\" target=\"_blank\" rel=\"nofollow noopener\"><strong>Big Brother<\/strong><\/a>, recordou um dos per\u00edodos mais dif\u00edceis da sua vida, marcado pela intensa exposi\u00e7\u00e3o medi\u00e1tica que se seguiu ao in\u00edcio do namoro com <a href=\"https:\/\/tvi.iol.pt\/secretstory\/noticias\/Francisco-Monteiro\" target=\"_blank\" rel=\"nofollow noopener\"><strong>Francisco Monteiro<\/strong><\/a>.<\/p>\n<p data-end=\"1055\" data-start=\"701\">Em conversa com <strong>Tiago Paiva<\/strong>, no <a href=\"https:\/\/tviplayer.iol.pt\/programa\/devaneios\/68d54c3dd34e58bc67962d44\" target=\"_blank\" rel=\"nofollow noopener\"><strong>podcast \u201cDevaneios\u201d<\/strong>, dispon\u00edvel no <strong>TVI Player<\/strong><\/a>, a jovem confessou que o impacto das primeiras not\u00edcias sobre a rela\u00e7\u00e3o a afetou profundamente. No dia seguinte a terem sido fotografados por paparazzi e a not\u00edcia ter sido publicada numa revista, B\u00e1rbara acabou mesmo por recorrer \u00e0s urg\u00eancias devido a um problema no peito, o que agora a faz acreditar no mau molhado. A ex-concorrente escreveu, em tom de desabafo, uma story do Instagram, que esta foi a pior altura da sua vida, explicando que ainda hoje sente ansiedade ao recordar essa fase.<\/p>\n<p data-end=\"1325\" data-start=\"1171\"><img loading=\"lazy\" decoding=\"async\" alt=\"\" height=\"885\" src=\"https:\/\/www.europesays.com\/pt\/wp-content\/uploads\/2025\/10\/68e92a0cd34ee0c2fed11dcc.webp\" width=\"500\"\/><\/p>\n<p>\u00a0<br \/>\nVeja o epis\u00f3dio completo do podcast aqui: <\/p>\n","protected":false},"excerpt":{"rendered":"B\u00e1rbara Parada, conhecida pela sua participa\u00e7\u00e3o no Big Brother, recordou um dos per\u00edodos mais dif\u00edceis da sua vida,&hellip;\n","protected":false},"author":2,"featured_media":105723,"comment_status":"","ping_status":"","sticky":false,"template":"","format":"standard","meta":{"footnotes":""},"categories":[142],"tags":[2151,18706,48,25409,114,115,18705,2071,32,33,25410,151,25411,18704],"class_list":{"0":"post-105722","1":"post","2":"type-post","3":"status-publish","4":"format-standard","5":"has-post-thumbnail","7":"category-tv","8":"tag-barbara-parada","9":"tag-bastidores-secret-story","10":"tag-big-brother","11":"tag-devaneios","12":"tag-entertainment","13":"tag-entretenimento","14":"tag-entrevistas-concorrentes-tvi","15":"tag-francisco-monteiro","16":"tag-portugal","17":"tag-pt","18":"tag-tiago-paiva","19":"tag-tv","20":"tag-tvi-player","21":"tag-vida-fora-da-casa"},"share_on_mastodon":{"url":"","error":""},"_links":{"self":[{"href":"https:\/\/www.europesays.com\/pt\/wp-json\/wp\/v2\/posts\/105722","targetHints":{"allow":["GET"]}}],"collection":[{"href":"https:\/\/www.europesays.com\/pt\/wp-json\/wp\/v2\/posts"}],"about":[{"href":"https:\/\/www.europesays.com\/pt\/wp-json\/wp\/v2\/types\/post"}],"author":[{"embeddable":true,"href":"https:\/\/www.europesays.com\/pt\/wp-json\/wp\/v2\/users\/2"}],"replies":[{"embeddable":true,"href":"https:\/\/www.europesays.com\/pt\/wp-json\/wp\/v2\/comments?post=105722"}],"version-history":[{"count":0,"href":"https:\/\/www.europesays.com\/pt\/wp-json\/wp\/v2\/posts\/105722\/revisions"}],"wp:featuredmedia":[{"embeddable":true,"href":"https:\/\/www.europesays.com\/pt\/wp-json\/wp\/v2\/media\/105723"}],"wp:attachment":[{"href":"https:\/\/www.europesays.com\/pt\/wp-json\/wp\/v2\/media?parent=105722"}],"wp:term":[{"taxonomy":"category","embeddable":true,"href":"https:\/\/www.europesays.com\/pt\/wp-json\/wp\/v2\/categories?post=105722"},{"taxonomy":"post_tag","embeddable":true,"href":"https:\/\/www.europesays.com\/pt\/wp-json\/wp\/v2\/tags?post=105722"}],"curies":[{"name":"wp","href":"https:\/\/api.w.org\/{rel}","templated":true}]}}