{"id":105726,"date":"2025-10-10T23:57:10","date_gmt":"2025-10-10T23:57:10","guid":{"rendered":"https:\/\/www.europesays.com\/pt\/105726\/"},"modified":"2025-10-10T23:57:10","modified_gmt":"2025-10-10T23:57:10","slug":"ha-48-anos-ele-estreou-nas-telas-hoje-e-ninguem-menos-do-que-denzel-washington-voce-ja-viu-o-seu-primeiro-filme-noticias-de-cinema","status":"publish","type":"post","link":"https:\/\/www.europesays.com\/pt\/105726\/","title":{"rendered":"H\u00e1 48 anos, ele estreou nas telas, hoje, \u00e9 ningu\u00e9m menos do que Denzel Washington: Voc\u00ea j\u00e1 viu o seu primeiro filme? &#8211; Not\u00edcias de cinema"},"content":{"rendered":"<p>Em 1977, Denzel estrelou um filme para a TV focado na biografia de Wilma Rudolph, uma importante atleta norte-americana.<\/p>\n<p class=\"bo-p\">N\u00e3o h\u00e1 como negar que <a href=\"https:\/\/www.adorocinema.com\/personalidades\/personalidade-8504\/\" class=\"bo-link\" rel=\"nofollow noopener\" target=\"_blank\">Denzel Washington<\/a> \u00e9 um dos maiores nomes da ind\u00fastria cinematogr\u00e1fica, um ator que carrega no curr\u00edculo o peso de produ\u00e7\u00f5es como <a href=\"https:\/\/www.adorocinema.com\/filmes\/filme-29232\/\" class=\"bo-link\" rel=\"nofollow noopener\" target=\"_blank\">Dia de Treinamento<\/a>, <a href=\"https:\/\/www.adorocinema.com\/filmes\/filme-27445\/\" class=\"bo-link\" rel=\"nofollow noopener\" target=\"_blank\">Duelo de Tit\u00e3s<\/a>, <a href=\"https:\/\/www.adorocinema.com\/filmes\/filme-9432\/\" class=\"bo-link\" rel=\"nofollow noopener\" target=\"_blank\">Filad\u00e9lfia<\/a>, <a href=\"https:\/\/www.adorocinema.com\/filmes\/filme-88156\/\" class=\"bo-link\" rel=\"nofollow noopener\" target=\"_blank\">O G\u00e2ngster<\/a> e mais. Apesar da fama, nem todos est\u00e3o a par do primeiro trabalho de Denzel, mais especificamente, um filme para a televis\u00e3o lan\u00e7ado em 1977.<\/p>\n<p>QUAL FOI O PRIMEIRO FILME DE DENZEL WASHINGTON?<\/p>\n<p class=\"bo-p\">Pouco tempo depois de estudar atua\u00e7\u00e3o na Universidade Fordham, em Nova York, Washington fez sua estreia como ator profissional em <a href=\"https:\/\/www.adorocinema.com\/filmes\/filme-201628\/\" class=\"bo-link\" rel=\"nofollow noopener\" target=\"_blank\"><b>Wilma<\/b><\/a>, um filme exibido pela NBC em 1977. A produ\u00e7\u00e3o foi um drama biogr\u00e1fico focado na vida de Wilma Rudolph, uma velocista que superou a defici\u00eancia f\u00edsica para ganhar tr\u00eas medalhas de ouro nas Olimp\u00edadas de 1960.<\/p>\n<p class=\"bo-p\">Na \u00e9poca aos 18 anos, Denzel interpretou Robert Eldridge, namorado e futuro marido de Wilma Rudolph. O longa-metragem contou com roteiro e dire\u00e7\u00e3o de <a href=\"https:\/\/www.adorocinema.com\/personalidades\/personalidade-553662\/\" class=\"bo-link\" rel=\"nofollow noopener\" target=\"_blank\">Bud Greenspan<\/a>, al\u00e9m de um elenco composto por <a href=\"https:\/\/www.adorocinema.com\/personalidades\/personalidade-509851\/\" class=\"bo-link\" rel=\"nofollow noopener\" target=\"_blank\">Shirley Jo Finney<\/a>, <a href=\"https:\/\/www.adorocinema.com\/personalidades\/personalidade-15785\/\" class=\"bo-link\" rel=\"nofollow noopener\" target=\"_blank\">Cicely Tyson<\/a>, <a href=\"https:\/\/www.adorocinema.com\/personalidades\/personalidade-50819\/\" class=\"bo-link\" rel=\"nofollow noopener\" target=\"_blank\">Jason Bernard<\/a> e <a href=\"https:\/\/www.adorocinema.com\/personalidades\/personalidade-50916\/\" class=\"bo-link\" rel=\"nofollow noopener\" target=\"_blank\">Joe Seneca<\/a>.<\/p>\n<p>                                <img loading=\"lazy\" decoding=\"async\" class=\"article-figure-img\" denzel=\"\" washington=\"\" e=\"\" shirley=\"\" jo=\"\" finney=\"\" src=\"https:\/\/www.europesays.com\/pt\/wp-content\/uploads\/2025\/10\/a6d923aa8a5c4d8dc8987186e404b7ea.jpg\" width=\"640\" height=\"320\" alt=\"Denzel Washington e Shirley Jo Finney\"\/><\/p>\n<p>                                    NBC<\/p>\n<p>                    Denzel Washington e Shirley Jo Finney<\/p>\n<p class=\"bo-p\">Ao sair da televis\u00e3o e rumar para o cinema, o primeiro trabalho do ator foi em <a href=\"https:\/\/www.adorocinema.com\/filmes\/filme-33309\/\" class=\"bo-link\" rel=\"nofollow noopener\" target=\"_blank\">A Cara do Pai<\/a> (1981), uma com\u00e9dia onde contracenou com <a href=\"https:\/\/www.adorocinema.com\/personalidades\/personalidade-7064\/\" class=\"bo-link\" rel=\"nofollow noopener\" target=\"_blank\">George Segal<\/a> e <a href=\"https:\/\/www.adorocinema.com\/personalidades\/personalidade-74961\/\" class=\"bo-link\" rel=\"nofollow noopener\" target=\"_blank\">Susan Saint James<\/a>. A partir da\u00ed, sua carreira deslanchou de vez, transformando-o no fen\u00f4meno da s\u00e9tima arte que todos conhecemos.<\/p>\n<p class=\"bo-p\">Para os interessados, vale ressaltar que, infelizmente, Wilma e A Cara do Pai n\u00e3o est\u00e3o dispon\u00edveis para streaming em plataformas brasileiras.<\/p>\n","protected":false},"excerpt":{"rendered":"Em 1977, Denzel estrelou um filme para a TV focado na biografia de Wilma Rudolph, uma importante atleta&hellip;\n","protected":false},"author":2,"featured_media":105727,"comment_status":"","ping_status":"","sticky":false,"template":"","format":"standard","meta":{"footnotes":""},"categories":[140],"tags":[114,115,147,148,146,32,33,25412],"class_list":{"0":"post-105726","1":"post","2":"type-post","3":"status-publish","4":"format-standard","5":"has-post-thumbnail","7":"category-filmes","8":"tag-entertainment","9":"tag-entretenimento","10":"tag-film","11":"tag-filmes","12":"tag-movies","13":"tag-portugal","14":"tag-pt","15":"tag-wilma"},"share_on_mastodon":{"url":"","error":""},"_links":{"self":[{"href":"https:\/\/www.europesays.com\/pt\/wp-json\/wp\/v2\/posts\/105726","targetHints":{"allow":["GET"]}}],"collection":[{"href":"https:\/\/www.europesays.com\/pt\/wp-json\/wp\/v2\/posts"}],"about":[{"href":"https:\/\/www.europesays.com\/pt\/wp-json\/wp\/v2\/types\/post"}],"author":[{"embeddable":true,"href":"https:\/\/www.europesays.com\/pt\/wp-json\/wp\/v2\/users\/2"}],"replies":[{"embeddable":true,"href":"https:\/\/www.europesays.com\/pt\/wp-json\/wp\/v2\/comments?post=105726"}],"version-history":[{"count":0,"href":"https:\/\/www.europesays.com\/pt\/wp-json\/wp\/v2\/posts\/105726\/revisions"}],"wp:featuredmedia":[{"embeddable":true,"href":"https:\/\/www.europesays.com\/pt\/wp-json\/wp\/v2\/media\/105727"}],"wp:attachment":[{"href":"https:\/\/www.europesays.com\/pt\/wp-json\/wp\/v2\/media?parent=105726"}],"wp:term":[{"taxonomy":"category","embeddable":true,"href":"https:\/\/www.europesays.com\/pt\/wp-json\/wp\/v2\/categories?post=105726"},{"taxonomy":"post_tag","embeddable":true,"href":"https:\/\/www.europesays.com\/pt\/wp-json\/wp\/v2\/tags?post=105726"}],"curies":[{"name":"wp","href":"https:\/\/api.w.org\/{rel}","templated":true}]}}