{"id":105730,"date":"2025-10-10T23:59:09","date_gmt":"2025-10-10T23:59:09","guid":{"rendered":"https:\/\/www.europesays.com\/pt\/105730\/"},"modified":"2025-10-10T23:59:09","modified_gmt":"2025-10-10T23:59:09","slug":"porto-alegre-reforca-combate-a-doencas-sexualmente-transmissiveis-com-nova-unidade","status":"publish","type":"post","link":"https:\/\/www.europesays.com\/pt\/105730\/","title":{"rendered":"Porto Alegre refor\u00e7a combate a doen\u00e7as sexualmente transmiss\u00edveis com nova unidade"},"content":{"rendered":"<p>Em parceria com a Secretaria de Sa\u00fade, <strong>o munic\u00edpio de Porto Alegre assume os atendimentos no\u00a0<\/strong><strong>Ambulat\u00f3rio de Dermatologia Sanit\u00e1ria<\/strong>, localizado na avenida Jo\u00e3o Pessoa, 1327. Com a Capital\u00a0gerindo o espa\u00e7o, ser\u00e3o ampliados os cuidados voltados para as Infec\u00e7\u00f5es Sexualmente Transmiss\u00edveis (IST), como o V\u00edrus da Imunodefici\u00eancia Humana (HIV) e hepatites virais, al\u00e9m da tuberculose.\n<\/p>\n<p>A formalidade ocorre nesta segunda-feira (13), mas o\u00a0Executivo assumiu os atendimentos desde a segunda-feira (6). O espa\u00e7o conta com <strong>servi\u00e7o de testagem r\u00e1pida para as IST e profilaxias pr\u00e9 e p\u00f3s HIV<\/strong>, que seriam um conjunto de estrat\u00e9gias para prevenir a infec\u00e7\u00e3o pelo v\u00edrus.\u00a0<\/p>\n<p>O Centro Regionalizado de Aten\u00e7\u00e3o Integral \u00e0s ISTs e \u00e0 Tuberculose, como passa a ser chamado o local a partir de agora, \u00e9 <strong>uma das a\u00e7\u00f5es para conter os avan\u00e7os da mortalidade pelas infec\u00e7\u00f5es sexualmente transmiss\u00edveis<\/strong>. De acordo com Daila Raenck, coordenadora de Aten\u00e7\u00e3o \u00e0s Infec\u00e7\u00f5es Sexualmente Transmiss\u00edveis da Secretaria Municipal de Sa\u00fade da Capital, os \u00edndices de mortalidade, apesar de estarem estabilizados, est\u00e3o sendo observados. &#8220;Porto Alegre vem ocupando h\u00e1 muito tempo um indicador do maior coeficiente de mortalidade comparado ao cen\u00e1rio nacional&#8221;.<\/p>\n<p>Como forma de preven\u00e7\u00e3o para diminuir os casos, Daila ressalta que o munic\u00edpio possui a testagem r\u00e1pida para IST e triagem em todas as unidades de sa\u00fade. <strong>A educa\u00e7\u00e3o para os profissionais identificarem pessoas e iniciar o tratamento<\/strong>\u00a0tamb\u00e9m \u00e9 uma das iniciativas. Periodicamente ocorrem a\u00e7\u00f5es de equipes que se deslocam para identificar pessoas com alguma doen\u00e7a e que n\u00e3o tenham acesso ao servi\u00e7o de sa\u00fade. &#8220;Quando a gente amplia a rede de cuidados e ofertamos mais de uma porta de entrada, <strong>agimos na complexidade que \u00e9 identificar, tratar e incluir o usu\u00e1rio o quanto antes<\/strong>&#8220;.<\/p>\n<p>O Centro conta com <strong>atendimento de segunda a sexta, das 8h \u00e0s 17h<\/strong>. Chegando na recep\u00e7\u00e3o o usu\u00e1rio procura o atendimento que deseja, podendo realizar o teste r\u00e1pido. <strong>Em exposi\u00e7\u00f5es sexuais, a pessoa tem at\u00e9 72 horas para buscar um servi\u00e7o de sa\u00fade e iniciar a profilaxia<\/strong>, que dura at\u00e9 28 dias. Entrando no servi\u00e7o, ela vai receber o acolhimento e ser\u00e1 identificada a sua demanda.<\/p>\n<p>Com esse novo Centro especializado, ele se junta aos outros <strong>Servi\u00e7os de Atendimento Especializado (SAE)<\/strong> e <strong>Centros de Refer\u00eancia em Tuberculose (CRTB)<\/strong> da Capital, entre eles:<\/p>\n<ul>&#13;<\/p>\n<li><strong>SAE Santa Marta:<\/strong> Rua Capit\u00e3o Motanha, 27 &#8211; 5\u00b0 andar;<\/li>\n<p>&#13;<\/p>\n<li><strong>SAE e CRTB Iapi:<\/strong> Rua Tr\u00eas de Abril, 90 &#8211; \u00c1rea 12;<\/li>\n<p>&#13;<\/p>\n<li><strong>SAE Murialdo:<\/strong> Av. Bento Gon\u00e7alves, 3722 &#8211; 2\u00b0 andar sala 15;<\/li>\n<p>&#13;<\/p>\n<li><strong>SAE e CRTB Vila dos Comerci\u00e1rios:<\/strong> Rua Moab Caldas, 400 &#8211; \u00c1rea 11;<\/li>\n<p>&#13;<\/p>\n<li><strong>CRTB Bom Jesus:<\/strong> Rua S\u00e3o Felipe &#8211; Na rampa de acesso (ao lado CEO Bom Jesus);<\/li>\n<p>&#13;<\/p>\n<li>\n<strong>CRTB Navegantes:<\/strong> Av. Pres. Franklin Roosevelt, 5.<\/li>\n<p>&#13;\n<\/ul>\n","protected":false},"excerpt":{"rendered":"Em parceria com a Secretaria de Sa\u00fade, o munic\u00edpio de Porto Alegre assume os atendimentos no\u00a0Ambulat\u00f3rio de Dermatologia&hellip;\n","protected":false},"author":2,"featured_media":105731,"comment_status":"","ping_status":"","sticky":false,"template":"","format":"standard","meta":{"footnotes":""},"categories":[86],"tags":[25416,25418,25413,116,3343,1175,2052,12262,4677,32,25415,33,2946,117,25417,25414,11256],"class_list":{"0":"post-105730","1":"post","2":"type-post","3":"status-publish","4":"format-standard","5":"has-post-thumbnail","7":"category-saude","8":"tag-centro-regionalizado-de-atenu00e7u00e3o-integral-u00e0s-ists-e-u00e0-tuberculose","9":"tag-centros-de-referu00eancia-em-tuberculose","10":"tag-doenu00e7as-sexualmente-transmissu00edveis","11":"tag-health","12":"tag-hepatites-virais","13":"tag-hiv","14":"tag-ist","15":"tag-mortalidade","16":"tag-porto-alegre","17":"tag-portugal","18":"tag-profilaxia","19":"tag-pt","20":"tag-sau00fade","21":"tag-saude","22":"tag-serviu00e7os-de-atendimento-especializado","23":"tag-testagem-ru00e1pida","24":"tag-tuberculose"},"share_on_mastodon":{"url":"","error":""},"_links":{"self":[{"href":"https:\/\/www.europesays.com\/pt\/wp-json\/wp\/v2\/posts\/105730","targetHints":{"allow":["GET"]}}],"collection":[{"href":"https:\/\/www.europesays.com\/pt\/wp-json\/wp\/v2\/posts"}],"about":[{"href":"https:\/\/www.europesays.com\/pt\/wp-json\/wp\/v2\/types\/post"}],"author":[{"embeddable":true,"href":"https:\/\/www.europesays.com\/pt\/wp-json\/wp\/v2\/users\/2"}],"replies":[{"embeddable":true,"href":"https:\/\/www.europesays.com\/pt\/wp-json\/wp\/v2\/comments?post=105730"}],"version-history":[{"count":0,"href":"https:\/\/www.europesays.com\/pt\/wp-json\/wp\/v2\/posts\/105730\/revisions"}],"wp:featuredmedia":[{"embeddable":true,"href":"https:\/\/www.europesays.com\/pt\/wp-json\/wp\/v2\/media\/105731"}],"wp:attachment":[{"href":"https:\/\/www.europesays.com\/pt\/wp-json\/wp\/v2\/media?parent=105730"}],"wp:term":[{"taxonomy":"category","embeddable":true,"href":"https:\/\/www.europesays.com\/pt\/wp-json\/wp\/v2\/categories?post=105730"},{"taxonomy":"post_tag","embeddable":true,"href":"https:\/\/www.europesays.com\/pt\/wp-json\/wp\/v2\/tags?post=105730"}],"curies":[{"name":"wp","href":"https:\/\/api.w.org\/{rel}","templated":true}]}}