{"id":105736,"date":"2025-10-11T00:09:10","date_gmt":"2025-10-11T00:09:10","guid":{"rendered":"https:\/\/www.europesays.com\/pt\/105736\/"},"modified":"2025-10-11T00:09:10","modified_gmt":"2025-10-11T00:09:10","slug":"joana-mostra-empatia-com-marisa-nao-se-sentiu-a-vontade-mas-quis-mostrar-que-estava-secret-story","status":"publish","type":"post","link":"https:\/\/www.europesays.com\/pt\/105736\/","title":{"rendered":"Joana mostra empatia com Marisa: \u00abN\u00e3o se sentiu \u00e0 vontade, mas quis mostrar que estava\u00bb &#8211; Secret Story"},"content":{"rendered":"<p style=\"margin-bottom:11px\">No Secret Story 9, os concorrentes enfrentam uma nova miss\u00e3o: fazer \u201cbabysitting\u201d a ovos, protegendo-os dos colegas para que n\u00e3o se partam. Durante a manh\u00e3, a brincadeira acabou por correr mal quando F\u00e1bio e Dylan acidentalmente partiram o ovo de Marisa, levando a concorrente \u00e0s l\u00e1grimas. Apesar do momento emotivo, Marisa garantiu que percebeu tratar-se apenas de uma brincadeira e que n\u00e3o guarda rancor. Joana comentou a situa\u00e7\u00e3o e garante que percebe o que Marisa est\u00e1 a sentir. Fique a par da opini\u00e3o de todos os concorrentes.<\/p>\n<p><strong>Esta semana h\u00e1 6 concorrentes em risco. Vote para salvar:<\/strong><\/p>\n<p>ANA &#8211; 761 20 20 01<br \/>ANA CRISTINA &#8211; 761 20 20 02<br \/>DYLAN &#8211; 761 20 20 07<br \/>F\u00c1BIO &#8211; 761 20 20 08<br \/>LEANDRO &#8211; 761 20 20 12<br \/>L\u00cdDIA &#8211; 761 20 20 13<\/p>\n<p><a href=\"https:\/\/tvi.iol.pt\/secretstory\/aominuto\" wbo-id=\"19\" rel=\"nofollow noopener\" target=\"_blank\">Acompanhe aqui tudo o que se passa na casa mais vigiada do pa\u00eds!<\/a><\/p>\n","protected":false},"excerpt":{"rendered":"No Secret Story 9, os concorrentes enfrentam uma nova miss\u00e3o: fazer \u201cbabysitting\u201d a ovos, protegendo-os dos colegas para&hellip;\n","protected":false},"author":2,"featured_media":105737,"comment_status":"","ping_status":"","sticky":false,"template":"","format":"standard","meta":{"footnotes":""},"categories":[142],"tags":[114,115,19033,19091,19184,19034,32,33,151,19032],"class_list":{"0":"post-105736","1":"post","2":"type-post","3":"status-publish","4":"format-standard","5":"has-post-thumbnail","7":"category-tv","8":"tag-entertainment","9":"tag-entretenimento","10":"tag-galas-em-video","11":"tag-joana","12":"tag-marisa","13":"tag-melhores-momentos-casa-dos-segredos","14":"tag-portugal","15":"tag-pt","16":"tag-tv","17":"tag-videos-secret-story-tvi"},"share_on_mastodon":{"url":"","error":""},"_links":{"self":[{"href":"https:\/\/www.europesays.com\/pt\/wp-json\/wp\/v2\/posts\/105736","targetHints":{"allow":["GET"]}}],"collection":[{"href":"https:\/\/www.europesays.com\/pt\/wp-json\/wp\/v2\/posts"}],"about":[{"href":"https:\/\/www.europesays.com\/pt\/wp-json\/wp\/v2\/types\/post"}],"author":[{"embeddable":true,"href":"https:\/\/www.europesays.com\/pt\/wp-json\/wp\/v2\/users\/2"}],"replies":[{"embeddable":true,"href":"https:\/\/www.europesays.com\/pt\/wp-json\/wp\/v2\/comments?post=105736"}],"version-history":[{"count":0,"href":"https:\/\/www.europesays.com\/pt\/wp-json\/wp\/v2\/posts\/105736\/revisions"}],"wp:featuredmedia":[{"embeddable":true,"href":"https:\/\/www.europesays.com\/pt\/wp-json\/wp\/v2\/media\/105737"}],"wp:attachment":[{"href":"https:\/\/www.europesays.com\/pt\/wp-json\/wp\/v2\/media?parent=105736"}],"wp:term":[{"taxonomy":"category","embeddable":true,"href":"https:\/\/www.europesays.com\/pt\/wp-json\/wp\/v2\/categories?post=105736"},{"taxonomy":"post_tag","embeddable":true,"href":"https:\/\/www.europesays.com\/pt\/wp-json\/wp\/v2\/tags?post=105736"}],"curies":[{"name":"wp","href":"https:\/\/api.w.org\/{rel}","templated":true}]}}