{"id":105740,"date":"2025-10-11T00:11:08","date_gmt":"2025-10-11T00:11:08","guid":{"rendered":"https:\/\/www.europesays.com\/pt\/105740\/"},"modified":"2025-10-11T00:11:08","modified_gmt":"2025-10-11T00:11:08","slug":"a-queda-do-morcego-tera-animacao-em-4-partes-entenda","status":"publish","type":"post","link":"https:\/\/www.europesays.com\/pt\/105740\/","title":{"rendered":"A Queda do Morcego ter\u00e1 anima\u00e7\u00e3o em 4 partes; entenda"},"content":{"rendered":"<p>Foi revelado durante a\u00a0<strong>New York Comic Con<\/strong>, no painel da\u00a0<strong>DC Comics<\/strong>, que a saga\u00a0<strong>Batman: A Queda do Morcego<\/strong>, ser\u00e1 adaptada em quatro filmes animados, com a primeira parte saindo em 2026.\u00a0<\/p>\n<p>N\u00e3o foi revelado se os quatro filmes contar\u00e3o apenas o arco principal da hist\u00f3ria, j\u00e1 que o arco envolvendo A Queda do Morcego se entende por tr\u00eas partes. Caso n\u00e3o conhe\u00e7a a hist\u00f3ria, nos anos 90, a DC resolveu experimentar com o Batman e o Superman, matando o her\u00f3i de Metr\u00f3polis em confronto contra o Apocalipse, e incapacitando o Batman, por meio do vil\u00e3o Bane.<\/p>\n<p>No arco, Bane resolve sair da Ilha de Santa Prisca para desafiar o Batman, e com isso, ap\u00f3s estudar o Homem-Morcego, ele descobre melhor forma de quebrar o her\u00f3i de Gotham. Primeiro, o vil\u00e3o liberta toda a galeria de inimigos do Batman do Asilo Arkham, o que faz com que Bruce Wayne acabe ficando exausto tanto f\u00edsica quanto psicologicamente.\u00a0<\/p>\n<p>A primeira parte do arco culmina no Bane quebrando literalmente o Batman, fraturando sua espinha e deixando Bruce Wayne incapacitado. Durante esse per\u00edodo, Jean-Paul Valley, o Azrael, assume o papel de Batman temporariamente, sendo uma vers\u00e3o extremamente agressiva e letal do her\u00f3i.<\/p>\n<p>Entretanto, eventualmente, Bruce Wayne retorna para o seu posto como vigilante de Gotham. Contudo, a s\u00e9rie teve um ep\u00edlogo, contando n\u00e3o s\u00f3 o que acontece com Azrael depois de A Queda do Morcego, como tamb\u00e9m uma hist\u00f3ria inteiramente focada em Dick Grayson, nessa \u00e9poca, que j\u00e1 havia se tornado o Asa Noturna.<\/p>\n<p>Infelizmente, n\u00e3o d\u00e1 para saber se adapta\u00e7\u00e3o vai englobar completamente o arco, ou se somente se focar\u00e1 nos eventos principais da saga. O arco, lan\u00e7ado nos anos noventa, foi considerado um marco para a \u00e9poca ao introduzir Bane, que acabou se tornando um grande vil\u00e3o do Batman, chegando a ter sua hist\u00f3ria adaptada na trilogia do diretor\u00a0<strong>Christopher Nolan<\/strong>, em\u00a0<strong>Batman: O Cavaleiro das Trevas Ressurge<\/strong>.\u00a0<\/p>\n","protected":false},"excerpt":{"rendered":"Foi revelado durante a\u00a0New York Comic Con, no painel da\u00a0DC Comics, que a saga\u00a0Batman: A Queda do Morcego,&hellip;\n","protected":false},"author":2,"featured_media":105741,"comment_status":"","ping_status":"","sticky":false,"template":"","format":"standard","meta":{"footnotes":""},"categories":[140],"tags":[114,115,147,148,146,32,33],"class_list":{"0":"post-105740","1":"post","2":"type-post","3":"status-publish","4":"format-standard","5":"has-post-thumbnail","7":"category-filmes","8":"tag-entertainment","9":"tag-entretenimento","10":"tag-film","11":"tag-filmes","12":"tag-movies","13":"tag-portugal","14":"tag-pt"},"share_on_mastodon":{"url":"","error":""},"_links":{"self":[{"href":"https:\/\/www.europesays.com\/pt\/wp-json\/wp\/v2\/posts\/105740","targetHints":{"allow":["GET"]}}],"collection":[{"href":"https:\/\/www.europesays.com\/pt\/wp-json\/wp\/v2\/posts"}],"about":[{"href":"https:\/\/www.europesays.com\/pt\/wp-json\/wp\/v2\/types\/post"}],"author":[{"embeddable":true,"href":"https:\/\/www.europesays.com\/pt\/wp-json\/wp\/v2\/users\/2"}],"replies":[{"embeddable":true,"href":"https:\/\/www.europesays.com\/pt\/wp-json\/wp\/v2\/comments?post=105740"}],"version-history":[{"count":0,"href":"https:\/\/www.europesays.com\/pt\/wp-json\/wp\/v2\/posts\/105740\/revisions"}],"wp:featuredmedia":[{"embeddable":true,"href":"https:\/\/www.europesays.com\/pt\/wp-json\/wp\/v2\/media\/105741"}],"wp:attachment":[{"href":"https:\/\/www.europesays.com\/pt\/wp-json\/wp\/v2\/media?parent=105740"}],"wp:term":[{"taxonomy":"category","embeddable":true,"href":"https:\/\/www.europesays.com\/pt\/wp-json\/wp\/v2\/categories?post=105740"},{"taxonomy":"post_tag","embeddable":true,"href":"https:\/\/www.europesays.com\/pt\/wp-json\/wp\/v2\/tags?post=105740"}],"curies":[{"name":"wp","href":"https:\/\/api.w.org\/{rel}","templated":true}]}}