{"id":105746,"date":"2025-10-11T00:17:09","date_gmt":"2025-10-11T00:17:09","guid":{"rendered":"https:\/\/www.europesays.com\/pt\/105746\/"},"modified":"2025-10-11T00:17:09","modified_gmt":"2025-10-11T00:17:09","slug":"casa-branca-inicia-demissoes-para-pressionar-democratas-em-impasse-orcamental","status":"publish","type":"post","link":"https:\/\/www.europesays.com\/pt\/105746\/","title":{"rendered":"Casa Branca inicia demiss\u00f5es para pressionar democratas em impasse or\u00e7amental"},"content":{"rendered":"<p>Russ Vought, diretor do Gabinete de Gest\u00e3o e Or\u00e7amento da Casa Branca, indicou na rede social X o in\u00edcio um plano de redu\u00e7\u00e3o de efetivos que visa diminuir a dimens\u00e3o do Governo federal.<\/p>\n<p>A Casa Branca j\u00e1 havia instru\u00eddo as ag\u00eancias federais &#8211; antes do in\u00edcio da paralisa\u00e7\u00e3o do Governo por falta de entendimento no Congresso sobre o or\u00e7amento, a 01 de outubro &#8211; para submeterem planos de cortes de pessoal, acrescentando que os despedimentos iam incidir nos programas sem financiamento ou considerados &#8220;inconsistentes com as prioridades do Presidente&#8221; norte-americano, Donald Trump.<\/p>\n<p>Ao contr\u00e1rio de paralisa\u00e7\u00f5es anteriores, em que os funcion\u00e1rios eram temporariamente dispensados e reintegrados ap\u00f3s a resolu\u00e7\u00e3o do impasse or\u00e7amental, esta medida prev\u00ea cortes permanentes.<\/p>\n<p>Os democratas acusaram o Governo de ultrapassar os limites legais e argumentaram que os despedimentos s\u00e3o um &#8220;&#8216;bluff&#8217; pol\u00edtico&#8221;, sublinhando que at\u00e9 agora nenhum corte efetivo tinha sido confirmado.<\/p>\n<p>Na ter\u00e7a-feira, Trump afirmou que podia anunciar &#8220;em quatro ou cinco dias&#8221; o n\u00famero de empregos federais eliminados, avisando que &#8220;muitos nunca mais regressar\u00e3o&#8221;.<\/p>\n<p>Enquanto isso, os corredores do Capit\u00f3lio permaneciam hoje praticamente vazios, com o Congresso fora de sess\u00e3o e sem avan\u00e7os nas negocia\u00e7\u00f5es.<\/p>\n<p>O l\u00edder da maioria republicana no Senado, John Thune, apelou aos democratas moderados para &#8220;ganharem coragem&#8221; e apoiarem um projeto provis\u00f3rio que permita reabrir o Governo.<\/p>\n<p>Os democratas, por sua vez, recusam-se a votar a proposta or\u00e7amental sem garantias de um acordo que aumente os benef\u00edcios do sistema de sa\u00fade.<\/p>\n<p>Leia Tamb\u00e9m: <a href=\"https:\/\/www.noticiasaominuto.com\/mundo\/2868333\/casa-branca-reage-a-nobel-da-paz-nunca-havera-ninguem-como-trump\" target=\"_blank\" rel=\"noreferrer noopener nofollow\">Casa Branca reage a Nobel da Paz. &#8220;Nunca haver\u00e1 ningu\u00e9m&#8221; como Trump<\/a><\/p>\n","protected":false},"excerpt":{"rendered":"Russ Vought, diretor do Gabinete de Gest\u00e3o e Or\u00e7amento da Casa Branca, indicou na rede social X o&hellip;\n","protected":false},"author":2,"featured_media":105747,"comment_status":"","ping_status":"","sticky":false,"template":"","format":"standard","meta":{"footnotes":""},"categories":[50],"tags":[27,28,15,16,14,25,26,21,22,62,12,13,19,20,23,24,17,18,29,30,31,63,64,65],"class_list":{"0":"post-105746","1":"post","2":"type-post","3":"status-publish","4":"format-standard","5":"has-post-thumbnail","7":"category-mundo","8":"tag-breaking-news","9":"tag-breakingnews","10":"tag-featured-news","11":"tag-featurednews","12":"tag-headlines","13":"tag-latest-news","14":"tag-latestnews","15":"tag-main-news","16":"tag-mainnews","17":"tag-mundo","18":"tag-news","19":"tag-noticias","20":"tag-noticias-principais","21":"tag-noticiasprincipais","22":"tag-principais-noticias","23":"tag-principaisnoticias","24":"tag-top-stories","25":"tag-topstories","26":"tag-ultimas","27":"tag-ultimas-noticias","28":"tag-ultimasnoticias","29":"tag-world","30":"tag-world-news","31":"tag-worldnews"},"share_on_mastodon":{"url":"","error":""},"_links":{"self":[{"href":"https:\/\/www.europesays.com\/pt\/wp-json\/wp\/v2\/posts\/105746","targetHints":{"allow":["GET"]}}],"collection":[{"href":"https:\/\/www.europesays.com\/pt\/wp-json\/wp\/v2\/posts"}],"about":[{"href":"https:\/\/www.europesays.com\/pt\/wp-json\/wp\/v2\/types\/post"}],"author":[{"embeddable":true,"href":"https:\/\/www.europesays.com\/pt\/wp-json\/wp\/v2\/users\/2"}],"replies":[{"embeddable":true,"href":"https:\/\/www.europesays.com\/pt\/wp-json\/wp\/v2\/comments?post=105746"}],"version-history":[{"count":0,"href":"https:\/\/www.europesays.com\/pt\/wp-json\/wp\/v2\/posts\/105746\/revisions"}],"wp:featuredmedia":[{"embeddable":true,"href":"https:\/\/www.europesays.com\/pt\/wp-json\/wp\/v2\/media\/105747"}],"wp:attachment":[{"href":"https:\/\/www.europesays.com\/pt\/wp-json\/wp\/v2\/media?parent=105746"}],"wp:term":[{"taxonomy":"category","embeddable":true,"href":"https:\/\/www.europesays.com\/pt\/wp-json\/wp\/v2\/categories?post=105746"},{"taxonomy":"post_tag","embeddable":true,"href":"https:\/\/www.europesays.com\/pt\/wp-json\/wp\/v2\/tags?post=105746"}],"curies":[{"name":"wp","href":"https:\/\/api.w.org\/{rel}","templated":true}]}}