{"id":105748,"date":"2025-10-11T00:19:23","date_gmt":"2025-10-11T00:19:23","guid":{"rendered":"https:\/\/www.europesays.com\/pt\/105748\/"},"modified":"2025-10-11T00:19:23","modified_gmt":"2025-10-11T00:19:23","slug":"nobel-da-paz-atribuido-a-maria-corina-machado","status":"publish","type":"post","link":"https:\/\/www.europesays.com\/pt\/105748\/","title":{"rendered":"Nobel da Paz atribu\u00eddo a Mar\u00eda Corina Machado"},"content":{"rendered":"<p>          <img decoding=\"async\" class=\"c-ad__placeholder__logo\" src=\"https:\/\/static.euronews.com\/website\/images\/logos\/logo-euronews-stacked-outlined-72x72-grey-9.svg\" width=\"72\" height=\"72\" alt=\"\" loading=\"lazy\"\/><br \/>\n          PUBLICIDADE<\/p>\n<p>O Pr\u00e9mio Nobel da Paz foi entregue a Mar\u00eda Corina Machado, descrita pelo Comit\u00e9 do Nobel como &#8220;uma campe\u00e3 corajosa e empenhada da paz&#8221;. <\/p>\n<p>O presidente do Comit\u00e9 Nobel, Jorgen Watne Frydnes,  anunciou a vencedora descreve-a como &#8220;uma mulher que <strong>mant\u00e9m acesa a chama da democracia no meio de uma escurid\u00e3o crescente&#8221;.<\/strong> <\/p>\n<p>O Comit\u00e9 Noruegu\u00eas do Nobel justifica a decis\u00e3o &#8220;pelo trabalho incans\u00e1vel na promo\u00e7\u00e3o dos direitos democr\u00e1ticos do povo da Venezuela e pela sua luta para alcan\u00e7ar uma transi\u00e7\u00e3o justa e pac\u00edfica da ditadura para a democracia&#8221;. <\/p>\n<p>&#8220;Mar\u00eda Corina Machado <strong>cumpre os tr\u00eas crit\u00e9rios estabelecidos no testamento de Alfred Nobel para a sele\u00e7\u00e3o do laureado com o Pr\u00e9mio da Paz<\/strong>. Ela uniu a oposi\u00e7\u00e3o do seu pa\u00eds. Nunca vacilou na resist\u00eancia \u00e0 militariza\u00e7\u00e3o da sociedade venezuelana. Tem sido firme no seu apoio a uma transi\u00e7\u00e3o pac\u00edfica para a democracia&#8221;, \u00e9 poss\u00edvel ler em <a href=\"https:\/\/www.nobelprize.org\/prizes\/peace\/2025\/press-release\/\" target=\"_blank\" rel=\"noreferrer nofollow noopener\"><strong>comunicado.<\/strong><\/a> <\/p>\n<p>Nascida em 1967 em Caracas, Mar\u00eda Corina Machado, \u00e9 conhecida como uma das figuras mais firmes e influentes da oposi\u00e7\u00e3o ao regime de Nicol\u00e1s Maduro. Ao longo da sua carreira, destacou-se pela postura firme contra o Chavismo e por denunciar a corrup\u00e7\u00e3o, a repress\u00e3o e as viola\u00e7\u00f5es de direitos humanos na Venezuela.<\/p>\n<p>&#8220;A Sra. Machado tem sido uma figura fundamental e unificadora numa oposi\u00e7\u00e3o pol\u00edtica que antes estava profundamente dividida \u2013 uma oposi\u00e7\u00e3o que encontrou um terreno comum na exig\u00eancia de elei\u00e7\u00f5es livres e um governo representativo&#8221;, escreve o Comit\u00e9 Noruegu\u00eas do Nobel. <strong>&#8220;Numa altura em que a democracia est\u00e1 amea\u00e7ada, \u00e9 mais importante do que nunca defender este terreno comum&#8221;,<\/strong> refor\u00e7ou. <\/p>\n<p>Mar\u00eda Corina Machado foi impedida de concorrer \u00e0s elei\u00e7\u00f5es presidenciais da Venezuela, em 2024. A l\u00edder da oposi\u00e7\u00e3o venezuela <strong>vive escondida na Venezuela desde ent\u00e3o.<\/strong><\/p>\n<p>&#8220;No \u00faltimo ano, a Sra. Machado foi for\u00e7ada a viver na clandestinidade. Apesar das graves amea\u00e7as contra a sua vida, ela permaneceu no pa\u00eds, uma escolha que inspirou milh\u00f5es de pessoas&#8221;, explica o comunicado do Nobel. <\/p>\n<p>E Trump?<\/p>\n<p>As as pira\u00e7\u00f5es de Donald Trump em ser galardoado com o Pr\u00e9mio Nobel eram conhecidas com o presidente norte-americano a achar ter feito o suficiente para ser distinguido. <\/p>\n<p>O recente acordo de cessar-fogo na Faixa de Gaza seria, pelo menos para o l\u00edder da Casa Branca, mais um argumento a seu favor, apesar de a Academia norueguesa ter afirmado, categoricamente, na quinta-feira, que a decis\u00e3o sobre quem receberia o galard\u00e3o, este ano, tinha sido tomada na passada segunda-feira, antes do entendimento ser celebrado. <\/p>\n<p>Ap\u00f3s o an\u00fancio do Nobel, esta sexta-feira, Jorgen Watne Frydnes foi diretamente questionado sobre Donald Trump e se a press\u00e3o exercida pelo presidente influenciou, ou n\u00e3o, a decis\u00e3o. <\/p>\n<p>Em resposta, Frydnes afirmou que &#8220;na longa hist\u00f3ria&#8221; do Pr\u00e9mio Nobel da Paz, o comit\u00e9 j\u00e1 testemunhou campanhas e &#8220;tens\u00e3o medi\u00e1tica&#8221;. <\/p>\n<p>&#8220;Baseamos a nossa decis\u00e3o apenas no trabalho e na vontade de Alfred Nobel&#8221;, refor\u00e7ou.<\/p>\n<p>O an\u00fancio foi feito esta sexta-feira, em Oslo e acontece numa altura especialmente conturbada. Desde 1946 que n\u00e3o havia tantos conflitos armados a envolver pelo menos um Estado, de acordo com a Universidade sueca de Uppsala.<\/p>\n<p>Um total de 338 nomea\u00e7\u00f5es foram apresentadas para o pr\u00e9mio, incluindo 244 indiv\u00edduos e 94 organiza\u00e7\u00f5es<\/p>\n<p>Este \u00e9 o \u00fanico dos Nobel a ser atribu\u00eddo em Oslo pelo Comit\u00e9 do Nobel Noruegu\u00eas. As restantes categorias s\u00e3o \u00a0anunciadas em Estocolmo, capital da Su\u00e9cia. Durante esta semana foram anunciados dos vencedores nas categorias de <a href=\"https:\/\/pt.euronews.com\/saude\/2025\/10\/06\/premio-nobel-da-medicina-distingue-descoberta-sobre-sistema-imunitario\" rel=\"nofollow noopener\" target=\"_blank\"><strong>Medicina<\/strong><\/a>, <a href=\"https:\/\/pt.euronews.com\/next\/2025\/10\/07\/tres-cientistas-ganham-o-premio-nobel-da-fisica-por-trabalhos-sobre-mecanica-quantica\" rel=\"nofollow noopener\" target=\"_blank\"><strong>F\u00edsica<\/strong><\/a>, <a href=\"https:\/\/pt.euronews.com\/next\/2025\/10\/08\/tres-cientistas-ganham-nobel-da-quimica-por-trabalho-em-estruturas-metalorganicas\" rel=\"nofollow noopener\" target=\"_blank\"><strong>Qu\u00edmica<\/strong><\/a> e <a href=\"https:\/\/pt.euronews.com\/cultura\/2025\/10\/09\/premio-nobel-da-literatura-atribuido-ao-autor-hungaro-laszlo-krasznahorkai\" rel=\"nofollow noopener\" target=\"_blank\"><strong>Literatura.<\/strong><\/a><\/p>\n<p>O Pr\u00e9mio Nobel da Economia, a \u00faltima categoria a ser anunciada, s\u00f3 ser\u00e1 conhecido na pr\u00f3xima segunda-feira, dia 13 de outubro.<\/p>\n","protected":false},"excerpt":{"rendered":"PUBLICIDADE O Pr\u00e9mio Nobel da Paz foi entregue a Mar\u00eda Corina Machado, descrita pelo Comit\u00e9 do Nobel como&hellip;\n","protected":false},"author":2,"featured_media":105749,"comment_status":"","ping_status":"","sticky":false,"template":"","format":"standard","meta":{"footnotes":""},"categories":[8],"tags":[27,28,15,16,14,25,26,21,22,12,13,19,20,806,32,10156,23,24,33,17,18,29,30,31],"class_list":{"0":"post-105748","1":"post","2":"type-post","3":"status-publish","4":"format-standard","5":"has-post-thumbnail","7":"category-principais-noticias","8":"tag-breaking-news","9":"tag-breakingnews","10":"tag-featured-news","11":"tag-featurednews","12":"tag-headlines","13":"tag-latest-news","14":"tag-latestnews","15":"tag-main-news","16":"tag-mainnews","17":"tag-news","18":"tag-noticias","19":"tag-noticias-principais","20":"tag-noticiasprincipais","21":"tag-paz","22":"tag-portugal","23":"tag-premio-nobel","24":"tag-principais-noticias","25":"tag-principaisnoticias","26":"tag-pt","27":"tag-top-stories","28":"tag-topstories","29":"tag-ultimas","30":"tag-ultimas-noticias","31":"tag-ultimasnoticias"},"share_on_mastodon":{"url":"","error":""},"_links":{"self":[{"href":"https:\/\/www.europesays.com\/pt\/wp-json\/wp\/v2\/posts\/105748","targetHints":{"allow":["GET"]}}],"collection":[{"href":"https:\/\/www.europesays.com\/pt\/wp-json\/wp\/v2\/posts"}],"about":[{"href":"https:\/\/www.europesays.com\/pt\/wp-json\/wp\/v2\/types\/post"}],"author":[{"embeddable":true,"href":"https:\/\/www.europesays.com\/pt\/wp-json\/wp\/v2\/users\/2"}],"replies":[{"embeddable":true,"href":"https:\/\/www.europesays.com\/pt\/wp-json\/wp\/v2\/comments?post=105748"}],"version-history":[{"count":0,"href":"https:\/\/www.europesays.com\/pt\/wp-json\/wp\/v2\/posts\/105748\/revisions"}],"wp:featuredmedia":[{"embeddable":true,"href":"https:\/\/www.europesays.com\/pt\/wp-json\/wp\/v2\/media\/105749"}],"wp:attachment":[{"href":"https:\/\/www.europesays.com\/pt\/wp-json\/wp\/v2\/media?parent=105748"}],"wp:term":[{"taxonomy":"category","embeddable":true,"href":"https:\/\/www.europesays.com\/pt\/wp-json\/wp\/v2\/categories?post=105748"},{"taxonomy":"post_tag","embeddable":true,"href":"https:\/\/www.europesays.com\/pt\/wp-json\/wp\/v2\/tags?post=105748"}],"curies":[{"name":"wp","href":"https:\/\/api.w.org\/{rel}","templated":true}]}}