{"id":105756,"date":"2025-10-11T00:25:17","date_gmt":"2025-10-11T00:25:17","guid":{"rendered":"https:\/\/www.europesays.com\/pt\/105756\/"},"modified":"2025-10-11T00:25:17","modified_gmt":"2025-10-11T00:25:17","slug":"good-boy-estudio-do-longa-lanca-carta-em-campanha-de-melhor-ator","status":"publish","type":"post","link":"https:\/\/www.europesays.com\/pt\/105756\/","title":{"rendered":"Good Boy | Est\u00fadio do longa lan\u00e7a carta em campanha de Melhor Ator"},"content":{"rendered":"<p>Segundo informa\u00e7\u00f5es exclusivas da\u00a0Variety,\u00a0o est\u00fadio\u00a0<strong>IFC<\/strong>, respons\u00e1vel pelo longa de terror\u00a0<strong>Good Boy<\/strong>,\u00a0estrelado pelo cachorro Indy, teria enviado uma carta para a Academia, sobre a inelegibilidade do c\u00e3ozinho para concorrer na categoria de melhor ator do\u00a0<strong>Oscar<\/strong>.\u00a0<\/p>\n<p>A carta, &#8220;escrita&#8221; pelo c\u00e3ozinho que estrela o filme, pede pela inclus\u00e3o de atores caninos das categorias de atua\u00e7\u00e3o do Oscar.\u00a0&#8220;Apesar da minha atua\u00e7\u00e3o aclamada pela cr\u00edtica no filme Bom Garoto, &#8211; eu fui considerado ineleg\u00edvel para concorrer a categoria de Melhor Ator&#8221;,\u00a0o cachorro lamenta na carta. A equipe ainda continua a carta,\u00a0&#8220;aparentemente, eu n\u00e3o sou um bom garoto o suficiente para voc\u00ea&#8221;.\u00a0<\/p>\n<p>&#8220;Quantas grandes atua\u00e7\u00f5es precisam passar despercebidas at\u00e9 que a Academia nos jogue um osso?&#8221;, pergunta Indy.\u00a0Indy, nas linhas finais da carta, entrega uma mensagem pungente \u00e0 Academia: \u201cPedimos que parem de menosprezar a minha contribui\u00e7\u00e3o e a de muitos grandes atores animais cujo trabalho continua a n\u00e3o ser reconhecido.\u201d<\/p>\n<p>Apesar de utilizar a imagem do c\u00e3ozinho fofo para convencer a Academia &#8211; algo que esperamos que aconte\u00e7a -, ainda n\u00e3o sabemos se a carta ter\u00e1 realmente o efeito desejado nos membros da entidade do cinema.\u00a0<\/p>\n<p>      Tudo sobre Good Boy<\/p>\n<p>A hist\u00f3ria do longa\u00a0\u00e9 contada sob a perspectiva de um cachorro que presencia os mais diversos eventos sobrenaturais ao lado do dono.\u00a0O c\u00e3ozinho, inclusive, conseguir\u00e1 ver coisas que os seres humanos n\u00e3o ser\u00e3o capazes.<\/p>\n<p>Na sinopse, o cachorro Indy parte para uma aventura com seu dono, que deixa a vida na cidade para viver no campo, em uma cidade que n\u00e3o \u00e9 habitada h\u00e1 anos.<\/p>\n<p>O cachorro desconfia da casa, mas o seu carinho pelo seu dono faz com que ele n\u00e3o o abandone. Na casa, Indy sente inc\u00f4modo com cantos vazios, conseguindo observar uma presen\u00e7a invis\u00edvel que s\u00f3 ele consegue ver.<\/p>\n<p>Assim que Todd come\u00e7a a sucumbir \u00e0s for\u00e7as sombrias da casa, ele precisa lutar contra as for\u00e7as que est\u00e3o tentando matar o seu dono.\u00a0<\/p>\n<p>Good Boy\u00a0\u00e9 comandado pelo diretor\u00a0Ben Leonberg, que faz sua estreia na dire\u00e7\u00e3o, e conta com roteiro de\u00a0Alex Cannon.\u00a0Larry Fessenden, Shane Jensen e Arielle Friedman\u00a0fazem parte do elenco, al\u00e9m do cachorro Indy, protagonista do longa.\u00a0<\/p>\n<p data-gtm-vis-first-on-screen67967661_30=\"995317\" data-gtm-vis-has-fired67967661_30=\"1\" data-gtm-vis-recent-on-screen67967661_30=\"995317\" data-gtm-vis-total-visible-time67967661_30=\"100\">Good Boy\u00a0chega em 3 de outubro nos Estados Unidos, e segue sem data confirmada para o Brasil.\u00a0<\/p>\n","protected":false},"excerpt":{"rendered":"Segundo informa\u00e7\u00f5es exclusivas da\u00a0Variety,\u00a0o est\u00fadio\u00a0IFC, respons\u00e1vel pelo longa de terror\u00a0Good Boy,\u00a0estrelado pelo cachorro Indy, teria enviado uma carta&hellip;\n","protected":false},"author":2,"featured_media":105757,"comment_status":"","ping_status":"","sticky":false,"template":"","format":"standard","meta":{"footnotes":""},"categories":[140],"tags":[114,115,147,148,146,32,33],"class_list":{"0":"post-105756","1":"post","2":"type-post","3":"status-publish","4":"format-standard","5":"has-post-thumbnail","7":"category-filmes","8":"tag-entertainment","9":"tag-entretenimento","10":"tag-film","11":"tag-filmes","12":"tag-movies","13":"tag-portugal","14":"tag-pt"},"share_on_mastodon":{"url":"","error":""},"_links":{"self":[{"href":"https:\/\/www.europesays.com\/pt\/wp-json\/wp\/v2\/posts\/105756","targetHints":{"allow":["GET"]}}],"collection":[{"href":"https:\/\/www.europesays.com\/pt\/wp-json\/wp\/v2\/posts"}],"about":[{"href":"https:\/\/www.europesays.com\/pt\/wp-json\/wp\/v2\/types\/post"}],"author":[{"embeddable":true,"href":"https:\/\/www.europesays.com\/pt\/wp-json\/wp\/v2\/users\/2"}],"replies":[{"embeddable":true,"href":"https:\/\/www.europesays.com\/pt\/wp-json\/wp\/v2\/comments?post=105756"}],"version-history":[{"count":0,"href":"https:\/\/www.europesays.com\/pt\/wp-json\/wp\/v2\/posts\/105756\/revisions"}],"wp:featuredmedia":[{"embeddable":true,"href":"https:\/\/www.europesays.com\/pt\/wp-json\/wp\/v2\/media\/105757"}],"wp:attachment":[{"href":"https:\/\/www.europesays.com\/pt\/wp-json\/wp\/v2\/media?parent=105756"}],"wp:term":[{"taxonomy":"category","embeddable":true,"href":"https:\/\/www.europesays.com\/pt\/wp-json\/wp\/v2\/categories?post=105756"},{"taxonomy":"post_tag","embeddable":true,"href":"https:\/\/www.europesays.com\/pt\/wp-json\/wp\/v2\/tags?post=105756"}],"curies":[{"name":"wp","href":"https:\/\/api.w.org\/{rel}","templated":true}]}}