{"id":105787,"date":"2025-10-11T01:22:21","date_gmt":"2025-10-11T01:22:21","guid":{"rendered":"https:\/\/www.europesays.com\/pt\/105787\/"},"modified":"2025-10-11T01:22:21","modified_gmt":"2025-10-11T01:22:21","slug":"fotografo-caririense-leva-tradicoes-da-regiao-para-campanha-nacional-do-dia-do-nordestino","status":"publish","type":"post","link":"https:\/\/www.europesays.com\/pt\/105787\/","title":{"rendered":"Fot\u00f3grafo caririense leva tradi\u00e7\u00f5es da regi\u00e3o para campanha nacional do Dia do Nordestino"},"content":{"rendered":"<p>&#13;<br \/>\n                                    Fot\u00f3grafo caririense leva tradi\u00e7\u00f5es da regi\u00e3o para campanha nacional do Dia do Nordestino                                <\/p>\n<p>&#13;<br \/>\n                                    Fot\u00f3grafo natural de Aurora foi convidado a enviar duas imagens para representar o Cear\u00e1 em uma campanha nacional de celebra\u00e7\u00e3o ao Dia do Nordestino.&#13;\n                                <\/p>\n<p><b>Retratar a imensid\u00e3o da cultura e dos saberes nordestinos<\/b>, em especial da regi\u00e3o do Cariri, n\u00e3o \u00e9 uma tarefa f\u00e1cil. Mas, sob o olhar sens\u00edvel do jovem fot\u00f3grafo Guilherme Ramos,<b> natural de Aurora<\/b>, toda a riqueza da tradicional Festa do Pau da Bandeira, em Barbalha, e o Pau de Sebo que acontece durante a corrida de jegues no s\u00edtio Amaro Coelho, em Juazeiro do Norte,<b> foram capturadas e selecionadas nacionalmente para representar o Cear\u00e1 em uma campanha que celebrou o Dia do Nordestino<\/b>, comemorado em 8 de outubro.<\/p>\n<p>A a\u00e7\u00e3o, feita pela Canon, reuniu fot\u00f3grafos dos nove estados do Nordeste, convidados a enviar imagens que traduzissem a alma e a diversidade desses territ\u00f3rios. \u201cPoder ver a regi\u00e3o do Cariri Cearense ser apresentada atrav\u00e9s das minhas fotografias a n\u00edvel nacional, me enche de emo\u00e7\u00e3o e de orgulho de pertencer a este lugar, que por sua vez, \u00e9 um lugar rico em cultura, tradi\u00e7\u00e3o, paisagens naturais fascinantes e muita f\u00e9 popular\u201d, celebrou o fot\u00f3grafo.<\/p>\n<p><img loading=\"lazy\" data-dominant-color=\"a59991\" data-has-transparency=\"false\" style=\"--dominant-color: #a59991;\" decoding=\"async\" aria-describedby=\"caption-attachment-247010\" class=\"lazyload wp-image-247010 size-full not-transparent\" src=\"https:\/\/www.europesays.com\/pt\/wp-content\/uploads\/2025\/10\/Foto-Portal-Miseria-13-1.webp.webp\" alt=\"\" width=\"1280\" height=\"720\"  data-\/><\/p>\n<p id=\"caption-attachment-247010\" class=\"wp-caption-text\">Festa do Pau da Bandeira, em Barbalha, e o Pau de Sebo que acontece durante a corrida de jegues no s\u00edtio Amaro Coelho, em Juazeiro do Norte. Fotos: Guilherme Ramos.<\/p>\n<p>A hist\u00f3ria de Guilherme com a fotografia come\u00e7ou aos 13 anos, quando ganhou de presente do av\u00f4 sua primeira c\u00e2mera, que utiliza at\u00e9 hoje. Desde 2019, ele se dedica \u00e0 fotografia e, em 2021, <b>decidiu se aprofundar na fotografia documental, trazendo elementos que carregam a ess\u00eancia do ser nordestino. <\/b>\u201cEu acredito que a fotografia tem um papel fundamental na manuten\u00e7\u00e3o da mem\u00f3ria nordestina, tanto no sentido hist\u00f3rico quanto no cultural e afetivo. No contexto de um pa\u00eds marcado por desigualdades regionais, a fotografia tamb\u00e9m atua como instrumento de afirma\u00e7\u00e3o da nossa identidade nordestina\u201d, destacou.<\/p>\n<p>De acordo com Ramos, a fotografia tem o poder de mostrar que o Nordeste est\u00e1 al\u00e9m dos estere\u00f3tipos da seca e pobreza. \u201cE fotos como as quais foram apresentadas a todo o pa\u00eds, tanto minhas como dos outros colegas que tamb\u00e9m colaboraram para a constru\u00e7\u00e3o do carrossel,\u00a0 servem tamb\u00e9m para mostrar em sua completude que o nosso Nordeste nunca foi e nunca ser\u00e1 os estere\u00f3tipos que as pessoas de fora acreditam ser\u201d, refor\u00e7ou o fot\u00f3grafo.<\/p>\n","protected":false},"excerpt":{"rendered":"&#13; Fot\u00f3grafo caririense leva tradi\u00e7\u00f5es da regi\u00e3o para campanha nacional do Dia do Nordestino &#13; Fot\u00f3grafo natural de&hellip;\n","protected":false},"author":2,"featured_media":105788,"comment_status":"","ping_status":"","sticky":false,"template":"","format":"standard","meta":{"footnotes":""},"categories":[144],"tags":[207,205,206,203,201,202,18828,1246,204,4964,114,115,2089,598,1856,2692,25422,25421,150,1133,13,32,33,218,151,25423,578],"class_list":{"0":"post-105787","1":"post","2":"type-post","3":"status-publish","4":"format-standard","5":"has-post-thumbnail","7":"category-arte-e-design","8":"tag-arte","9":"tag-arte-e-design","10":"tag-artedesign","11":"tag-arts","12":"tag-arts-and-design","13":"tag-artsanddesign","14":"tag-cariri","15":"tag-ceara","16":"tag-design","17":"tag-diversao","18":"tag-entertainment","19":"tag-entretenimento","20":"tag-esporte","21":"tag-game","22":"tag-informacao","23":"tag-jogo","24":"tag-juazeiro-do-norte","25":"tag-miseria","26":"tag-musica","27":"tag-noticia","28":"tag-noticias","29":"tag-portugal","30":"tag-pt","31":"tag-televisao","32":"tag-tv","33":"tag-urgente","34":"tag-video"},"share_on_mastodon":{"url":"","error":""},"_links":{"self":[{"href":"https:\/\/www.europesays.com\/pt\/wp-json\/wp\/v2\/posts\/105787","targetHints":{"allow":["GET"]}}],"collection":[{"href":"https:\/\/www.europesays.com\/pt\/wp-json\/wp\/v2\/posts"}],"about":[{"href":"https:\/\/www.europesays.com\/pt\/wp-json\/wp\/v2\/types\/post"}],"author":[{"embeddable":true,"href":"https:\/\/www.europesays.com\/pt\/wp-json\/wp\/v2\/users\/2"}],"replies":[{"embeddable":true,"href":"https:\/\/www.europesays.com\/pt\/wp-json\/wp\/v2\/comments?post=105787"}],"version-history":[{"count":0,"href":"https:\/\/www.europesays.com\/pt\/wp-json\/wp\/v2\/posts\/105787\/revisions"}],"wp:featuredmedia":[{"embeddable":true,"href":"https:\/\/www.europesays.com\/pt\/wp-json\/wp\/v2\/media\/105788"}],"wp:attachment":[{"href":"https:\/\/www.europesays.com\/pt\/wp-json\/wp\/v2\/media?parent=105787"}],"wp:term":[{"taxonomy":"category","embeddable":true,"href":"https:\/\/www.europesays.com\/pt\/wp-json\/wp\/v2\/categories?post=105787"},{"taxonomy":"post_tag","embeddable":true,"href":"https:\/\/www.europesays.com\/pt\/wp-json\/wp\/v2\/tags?post=105787"}],"curies":[{"name":"wp","href":"https:\/\/api.w.org\/{rel}","templated":true}]}}