{"id":105793,"date":"2025-10-11T01:28:11","date_gmt":"2025-10-11T01:28:11","guid":{"rendered":"https:\/\/www.europesays.com\/pt\/105793\/"},"modified":"2025-10-11T01:28:11","modified_gmt":"2025-10-11T01:28:11","slug":"alta-de-552-em-casos-de-chikungunya-acende-alerta-em-sc","status":"publish","type":"post","link":"https:\/\/www.europesays.com\/pt\/105793\/","title":{"rendered":"Alta de 552% em casos de chikungunya acende alerta em SC"},"content":{"rendered":"<p>  <img class=\"content-first-image wp-image-2585810 size-large\" loading=\"eager\" decoding=\"sync\" fetchpriority=\"high\" src=\"https:\/\/www.europesays.com\/pt\/wp-content\/uploads\/2025\/09\/1-1300x867.jpg\" alt=\"Desde o in\u00edcio de 2025 at\u00e9 6 de outubro, 688 casos de chikungunya foram registrados em Santa Catarina. \" width=\"1300\" height=\"867\"  \/>Desde o in\u00edcio de 2025 at\u00e9 6 de outubro, 688 casos de chikungunya foram registrados em Santa Catarina. Jo\u00e3o Pessoa, Paraiba, Brazil.Foto: Getty Images\/ND<\/p>\n<p><a href=\"https:\/\/ndmais.com.br\/video\/cinco-cidades-de-sc-decretam-emergencia-apos-aumento-da-chikungunya\/\" rel=\"nofollow noopener\" target=\"_blank\">Santa Catarina<\/a> registrou um aumento de 552,8% nos casos prov\u00e1veis de chikungunya entre 1\u00ba de janeiro e 6 de outubro de 2025. Neste ano, foram 803 ocorr\u00eancias suspeitas, frente a 123 registradas no mesmo per\u00edodo em 2024, segundo o \u00faltimo Informe Epidemiol\u00f3gico da SES (Secretaria de Estado da Sa\u00fade), divulgado nesta quarta-feira (10).<\/p>\n<p>No total, foram 688 casos confirmados entre 2.644 notifica\u00e7\u00f5es. Quatro mortes foram registradas \u2014 o mesmo n\u00famero de 2024. No \u00faltimo m\u00eas, o boletim da SES registrou um <a href=\"https:\/\/ndmais.com.br\/saude\/chikungunya-dispara-581-em-santa-catarina-e-registra-4-mortes-em-2025\/\" rel=\"nofollow noopener\" target=\"_blank\">aumento de 581%<\/a> em casos prov\u00e1veis de chikungunya, tamb\u00e9m para o mesmo per\u00edodo do ano passado.<\/p>\n<p>Casos suspeitos de dengue diminuem frente ao aumento de chikungunya<\/p>\n<p>Na contram\u00e3o, Santa Catarina registrou uma diminui\u00e7\u00e3o de 92,4% no n\u00famero de casos prov\u00e1veis de dengue, com 25.384 ocorr\u00eancias no per\u00edodo analisado, mas o informe n\u00e3o detalha<a href=\"https:\/\/ndmais.com.br\/saude\/com-aumento-de-230-de-casos-em-setembro-sc-reforca-combate-a-dengue\/\" rel=\"nofollow noopener\" target=\"_blank\"> infec\u00e7\u00f5es confirmadas<\/a>. At\u00e9 6 de outubro, foram 20 <a href=\"https:\/\/ndmais.com.br\/saude\/o-que-fez-sc-reduzir-em-95-as-mortes-por-dengue-em-2025\/\" rel=\"nofollow noopener\" target=\"_blank\">mortes<\/a> e outros quatro est\u00e3o em investiga\u00e7\u00e3o.<\/p>\n<p><a class=\"cta-whatsapp d-flex justify-content-between align-items-center w-100\" target=\"_blank\" rel=\"nofollow noopner noopener\" href=\"https:\/\/ndmais.com.br\/grupondmais\">   Receba no WhatsApp as principais not\u00edcias   Entre no grupo<\/a><\/p>\n<p>O mosquito Aedes aegypti, transmissor da doen\u00e7a, apresentou 55.350 focos em 263 munic\u00edpios, e 183 cidades do estado s\u00e3o consideradas infestadas. A situa\u00e7\u00e3o se agrava com o per\u00edodo de chuvas e altas temperaturas, condi\u00e7\u00f5es que favorecem a reprodu\u00e7\u00e3o do vetor.<\/p>\n<p>A maior taxa de incid\u00eancia de casos prov\u00e1veis de dengue e chikungunya est\u00e1 em munic\u00edpios do extremo oeste e no litoral de Santa Catarina, segundo o informe.<\/p>\n<p><img class=\"size-large wp-image-1774116\" loading=\"lazy\" decoding=\"async\" src=\"https:\/\/www.europesays.com\/pt\/wp-content\/uploads\/2025\/10\/istock-1216429917-1300x868.jpg\" alt=\"\u00c1gua parada \u00e9 um dos principais fatores para a reprodu\u00e7\u00e3o do mosquito vetor, o Aedes aegyptiFoto: Getty Images\/iStockphoto\/ND\" width=\"1286\" height=\"859\"  \/>\u00c1gua parada \u00e9 um dos principais fatores para a reprodu\u00e7\u00e3o do mosquito vetor, o Aedes aegyptiFoto: Getty Images\/iStockphoto\/NDSaiba quais os sintomas<\/p>\n<p>Os principais sintomas da dengue incluem febre alta, dor de cabe\u00e7a intensa, dores musculares e nas articula\u00e7\u00f5es, n\u00e1useas, manchas vermelhas na pele e cansa\u00e7o extremo.<\/p>\n<p>J\u00e1 a chikungunya apresenta sintomas semelhantes, mas com destaque para as fortes dores nas articula\u00e7\u00f5es, que podem durar semanas ou at\u00e9 meses.<\/p>\n<p><strong>Como evitar a prolifera\u00e7\u00e3o do mosquito<\/strong><\/p>\n<p>Para prevenir a prolifera\u00e7\u00e3o do mosquito Aedes aegypti \u2014 transmissor da dengue, zika e chikungunya \u2014 \u00e9 essencial eliminar locais que possam acumular \u00e1gua parada, onde ele coloca seus ovos. Veja as principais medidas:<\/p>\n<ul>\n<li>Elimine \u00e1gua parada;<\/li>\n<li>Esvazie pratos de plantas e coloque areia at\u00e9 a borda;<\/li>\n<li>Mantenha caixas d\u2019\u00e1gua e ton\u00e9is bem tampados;<\/li>\n<li>Lave bebedouros de animais com escova e sab\u00e3o pelo menos uma vez por semana;<\/li>\n<li>Guarde garrafas e baldes de cabe\u00e7a para baixo;<\/li>\n<li>Descarte copos pl\u00e1sticos, tampas e pneus velhos que possam acumular \u00e1gua;<\/li>\n<li>Limpe calhas e ralos regularmente;<\/li>\n<li>Evite acumular lixo: feche bem os sacos e mantenha o lixo em local coberto.<\/li>\n<\/ul>\n","protected":false},"excerpt":{"rendered":"Desde o in\u00edcio de 2025 at\u00e9 6 de outubro, 688 casos de chikungunya foram registrados em Santa Catarina.&hellip;\n","protected":false},"author":2,"featured_media":105794,"comment_status":"","ping_status":"","sticky":false,"template":"","format":"standard","meta":{"footnotes":""},"categories":[86],"tags":[116,1968,2250,32,33,4066,3801,117],"class_list":{"0":"post-105793","1":"post","2":"type-post","3":"status-publish","4":"format-standard","5":"has-post-thumbnail","7":"category-saude","8":"tag-health","9":"tag-notcia","10":"tag-notcia-santa-catarina","11":"tag-portugal","12":"tag-pt","13":"tag-sade","14":"tag-santa-catarina","15":"tag-saude"},"share_on_mastodon":{"url":"","error":""},"_links":{"self":[{"href":"https:\/\/www.europesays.com\/pt\/wp-json\/wp\/v2\/posts\/105793","targetHints":{"allow":["GET"]}}],"collection":[{"href":"https:\/\/www.europesays.com\/pt\/wp-json\/wp\/v2\/posts"}],"about":[{"href":"https:\/\/www.europesays.com\/pt\/wp-json\/wp\/v2\/types\/post"}],"author":[{"embeddable":true,"href":"https:\/\/www.europesays.com\/pt\/wp-json\/wp\/v2\/users\/2"}],"replies":[{"embeddable":true,"href":"https:\/\/www.europesays.com\/pt\/wp-json\/wp\/v2\/comments?post=105793"}],"version-history":[{"count":0,"href":"https:\/\/www.europesays.com\/pt\/wp-json\/wp\/v2\/posts\/105793\/revisions"}],"wp:featuredmedia":[{"embeddable":true,"href":"https:\/\/www.europesays.com\/pt\/wp-json\/wp\/v2\/media\/105794"}],"wp:attachment":[{"href":"https:\/\/www.europesays.com\/pt\/wp-json\/wp\/v2\/media?parent=105793"}],"wp:term":[{"taxonomy":"category","embeddable":true,"href":"https:\/\/www.europesays.com\/pt\/wp-json\/wp\/v2\/categories?post=105793"},{"taxonomy":"post_tag","embeddable":true,"href":"https:\/\/www.europesays.com\/pt\/wp-json\/wp\/v2\/tags?post=105793"}],"curies":[{"name":"wp","href":"https:\/\/api.w.org\/{rel}","templated":true}]}}