{"id":105806,"date":"2025-10-11T01:53:08","date_gmt":"2025-10-11T01:53:08","guid":{"rendered":"https:\/\/www.europesays.com\/pt\/105806\/"},"modified":"2025-10-11T01:53:08","modified_gmt":"2025-10-11T01:53:08","slug":"a-banda-dos-anos-90-que-paul-mccartney-gostaria-de-fazer-parte-segundo-o-proprio","status":"publish","type":"post","link":"https:\/\/www.europesays.com\/pt\/105806\/","title":{"rendered":"A banda dos anos 90 que Paul McCartney gostaria de fazer parte, segundo o pr\u00f3prio"},"content":{"rendered":"<p>Quando <a href=\"https:\/\/whiplash.net\/bandas\/p\/paulmccartney.html\" class=\"hotwords\" rel=\"nofollow noopener\" target=\"_blank\">Paul McCartney<\/a> come\u00e7ou a compor suas primeiras can\u00e7\u00f5es nos sub\u00farbios de Liverpool, ainda adolescente, n\u00e3o poderia imaginar que estava iniciando uma das carreiras mais influentes da hist\u00f3ria da m\u00fasica. De sess\u00f5es solit\u00e1rias ao piano a ensaios com o The Quarrymen, o jovem m\u00fasico rapidamente evoluiu at\u00e9 chegar ao The <a href=\"https:\/\/whiplash.net\/bandas\/b\/beatles.html\" class=\"hotwords\" rel=\"nofollow noopener\" target=\"_blank\">Beatles<\/a>, o grupo que revolucionou a cultura pop mundial.<\/p>\n<p>Embora tenha dividido com <a href=\"https:\/\/whiplash.net\/bandas\/j\/johnlennon.html\" class=\"hotwords\" rel=\"nofollow noopener\" target=\"_blank\">John Lennon<\/a> uma das parcerias mais f\u00e9rteis de todos os tempos, McCartney sempre manteve uma veia criativa independente &#8211; e, por vezes, comp\u00f4s e gravou m\u00fasicas inteiras sozinho. Sua intui\u00e7\u00e3o musical e talento para criar melodias cativantes lhe renderam o t\u00edtulo de um dos maiores compositores do s\u00e9culo XX.<\/p>\n<p><a href=\"https:\/\/whiplash.net\/bandas\/p\/paulmccartney.html\" class=\"linkBotao\" rel=\"nofollow noopener\" target=\"_blank\">Paul McCartney &#8211; Mais Novidades<\/a><\/p>\n<p>CONTINUA DEPOIS DA PUBLICIDADE &#8211; CLI<\/p>\n<p>&#13;<br \/>\n&#13;<br \/>\n&#13;<br \/>\n&#13;<br \/>\n&#13;<br \/>\n&#13;<br \/>\n&#13;<br \/>\n&#13;<br \/>\n<a href=\"https:\/\/whiplash.net\/materias\/whiplash\/027002.html\" rel=\"nofollow noopener\" target=\"_blank\"><img decoding=\"async\" src=\"https:\/\/www.europesays.com\/pt\/wp-content\/uploads\/2025\/10\/anunciar_diabo_336x280.gif\" loading=\"lazy\" width=\"336\" height=\"280\" class=\"widthConstrained\" style=\"background-color:#000000;display:block;\" alt=\"Anunciar bandas e shows de Rock e Heavy Metal\"\/><\/a>&#13;<\/p>\n<p><a target=\"_blank\" href=\"https:\/\/www.europesays.com\/pt\/wp-content\/uploads\/2025\/10\/paulmccartney_por_mary_mccarteney.jpg\"><img loading=\"lazy\" decoding=\"async\" src=\"https:\/\/www.europesays.com\/pt\/wp-content\/uploads\/2025\/10\/paulmccartney_por_mary_mccarteney.jpg\" class=\"widthConstrained\" width=\"700\" height=\"466\" alt=\"Foto: Divulga\u00e7\u00e3o - Mary McCartney\"\/><\/a>Foto: Divulga\u00e7\u00e3o &#8211; Mary McCartney<\/p>\n<p>D\u00e9cadas depois do fim dos Beatles, McCartney continuou aberto a novas experi\u00eancias musicais. Ainda assim, existe uma banda dos anos 1990 com a qual ele gostaria de ter feito parte: o Nirvana. Em entrevista a Chris Evans (via <a href=\"https:\/\/faroutmagazine.co.uk\/the-only-1990s-band-paul-mccartney-would-love-to-have-joined\/\" rel=\"nofollow noopener\" target=\"_blank\">Far Out<\/a>), Macca revelou: &#8220;Teria sido o Nirvana, mas n\u00e3o d\u00e1 mais&#8221;, lamentando a aus\u00eancia de Kurt Cobain, morto em 1994.<\/p>\n<p>CONTINUA DEPOIS DA PUBLICIDADE &#8211; GOO<\/p>\n<p>&#13;<br \/>\n&#13;<br \/>\n&#13;<br \/>\n&#13;<br \/>\n<a href=\"https:\/\/whiplash.net\/materias\/whiplash\/027002.html\" rel=\"nofollow noopener\" target=\"_blank\"><img decoding=\"async\" src=\"https:\/\/www.europesays.com\/pt\/wp-content\/uploads\/2025\/10\/anunciar_diabo_336x280.gif\" loading=\"lazy\" width=\"336\" height=\"280\" alt=\"Anunciar no Whiplash.Net\"\/><\/a>&#13;<br \/>\n&#13;<br \/>\n&#13;<br \/>\n&#13;<br \/>\n&#13;<br \/>\n&#13;<br \/>\n<a href=\"https:\/\/whiplash.net\/materias\/whiplash\/027002.html\" rel=\"nofollow noopener\" target=\"_blank\"><img decoding=\"async\" src=\"https:\/\/www.europesays.com\/pt\/wp-content\/uploads\/2025\/10\/anunciar_diabo_336x280.gif\" loading=\"lazy\" width=\"336\" height=\"280\" class=\"widthConstrained\" style=\"background-color:#000000;display:block;\" alt=\"Anunciar bandas e shows de Rock e Heavy Metal\"\/><\/a>&#13;<\/p>\n<p>A escolha faz sentido. Assim como os <a href=\"https:\/\/whiplash.net\/bandas\/b\/beatles.html\" class=\"hotwords\" rel=\"nofollow noopener\" target=\"_blank\">Beatles<\/a> haviam reinventado o rock nos anos 1960, o <a href=\"https:\/\/whiplash.net\/bandas\/n\/nirvana.html\" class=\"hotwords\" rel=\"nofollow noopener\" target=\"_blank\">Nirvana<\/a> o sacudiu novamente tr\u00eas d\u00e9cadas depois, trazendo crueza e intensidade ao g\u00eanero. McCartney, f\u00e3 da ousadia criativa de Cobain, chegou a realizar esse sonho parcialmente em 2012, quando tocou com os ex-integrantes <a href=\"https:\/\/whiplash.net\/bandas\/d\/davegrohl.html\" class=\"hotwords\" rel=\"nofollow noopener\" target=\"_blank\">Dave Grohl<\/a>, <a href=\"https:\/\/whiplash.net\/bandas\/k\/kristnovoselic.html\" class=\"hotwords\" rel=\"nofollow noopener\" target=\"_blank\">Krist Novoselic<\/a> e Pat Smear em um show beneficente no Madison Square Garden, em Nova York, em prol das v\u00edtimas do furac\u00e3o Sandy.<\/p>\n<p>Paul McCartney e Nirvana<\/p>\n<p>Foi ali que McCartney se deu conta da dimens\u00e3o do momento: &#8220;A ficha finalmente caiu, eu percebi que estava no meio de uma reuni\u00e3o do Nirvana&#8221;, recordou. O grupo apresentou a in\u00e9dita &#8220;Cut Me Some Slack&#8221;, com Paul nos vocais e Grohl na bateria &#8211; um encontro hist\u00f3rico entre duas gera\u00e7\u00f5es de gigantes do rock.<\/p>\n<p>CONTINUA DEPOIS DA PUBLICIDADE &#8211; CLI<\/p>\n<p>&#13;<br \/>\n&#13;<br \/>\n&#13;<br \/>\n&#13;<br \/>\n&#13;<br \/>\n&#13;<br \/>\n&#13;<br \/>\n&#13;<br \/>\n<a href=\"https:\/\/whiplash.net\/materias\/whiplash\/027002.html\" rel=\"nofollow noopener\" target=\"_blank\"><img decoding=\"async\" src=\"https:\/\/www.europesays.com\/pt\/wp-content\/uploads\/2025\/10\/anunciar_diabo_336x280.gif\" loading=\"lazy\" width=\"336\" height=\"280\" class=\"widthConstrained\" style=\"background-color:#000000;display:block;\" alt=\"Anunciar bandas e shows de Rock e Heavy Metal\"\/><\/a>&#13;<\/p>\n<p>Sobre o momento, o baixista Krist Novoselik se recordou de quando receberam o convite: &#8221;Cara, eu vou at\u00e9 a p\u00e9, se precisar&#8217;, ent\u00e3o voei para l\u00e1. Ficamos pensando no que fazer, e eu ficava pensando: &#8216;Por favor, n\u00e3o me pe\u00e7a para tocar baixo\u2026 Por favor, n\u00e3o me pe\u00e7a para tocar baixo&#8230; \u00c9 como ser convidado para lutar karat\u00ea com Bruce Lee: voc\u00ea vai levar uma surra. [&#8230;] Ent\u00e3o, \u00e9 claro, ele me pediu para tocar baixo.&#8221;<\/p>\n<p>Paul McCartney decidiu tocar cigar-box e <a href=\"https:\/\/whiplash.net\/temas\/i\/instrumentos.html\" class=\"hotwords\" rel=\"nofollow noopener\" target=\"_blank\">guitarra<\/a>, e <a href=\"https:\/\/whiplash.net\/bandas\/d\/davegrohl.html\" class=\"hotwords\" rel=\"nofollow noopener\" target=\"_blank\">Dave Grohl<\/a> foi para a bateria. No baixo, Kris Novoselic disse que as jams &#8220;n\u00e3o estavam fluindo para n\u00f3s&#8230; Foi ent\u00e3o que percebi que est\u00e1vamos tocando em r\u00e9, a\u00ed usei o velho truque do grunge e afinei meu baixo em r\u00e9. Tocamos alguns riffs e boom! Paul entrou no clima, Pat pegou a coisa, e Dave entrou com uns grooves sinistros. Paul mandou um riff para cima de mim, eu mandei um riff para cima dele\u2026 e tudo come\u00e7ou a se encaixar perfeitamente&#8221;, concluiu.<\/p>\n<p>CONTINUA DEPOIS DA PUBLICIDADE &#8211; GOO<\/p>\n<p>&#13;<br \/>\n&#13;<br \/>\n&#13;<br \/>\n&#13;<br \/>\n<a href=\"https:\/\/whiplash.net\/materias\/whiplash\/027002.html\" rel=\"nofollow noopener\" target=\"_blank\"><img decoding=\"async\" src=\"https:\/\/www.europesays.com\/pt\/wp-content\/uploads\/2025\/10\/anunciar_diabo_336x280.gif\" loading=\"lazy\" width=\"336\" height=\"280\" alt=\"Anunciar no Whiplash.Net\"\/><\/a>&#13;<br \/>\n&#13;<br \/>\n&#13;<br \/>\n&#13;<br \/>\n&#13;<br \/>\n&#13;<br \/>\n<a href=\"https:\/\/whiplash.net\/materias\/whiplash\/027002.html\" rel=\"nofollow noopener\" target=\"_blank\"><img decoding=\"async\" src=\"https:\/\/www.europesays.com\/pt\/wp-content\/uploads\/2025\/10\/anunciar_diabo_336x280.gif\" loading=\"lazy\" width=\"336\" height=\"280\" class=\"widthConstrained\" style=\"background-color:#000000;display:block;\" alt=\"Anunciar bandas e shows de Rock e Heavy Metal\"\/><\/a>&#13;<\/p>\n","protected":false},"excerpt":{"rendered":"Quando Paul McCartney come\u00e7ou a compor suas primeiras can\u00e7\u00f5es nos sub\u00farbios de Liverpool, ainda adolescente, n\u00e3o poderia imaginar&hellip;\n","protected":false},"author":2,"featured_media":105807,"comment_status":"","ping_status":"","sticky":false,"template":"","format":"standard","meta":{"footnotes":""},"categories":[141],"tags":[114,115,149,150,32,33],"class_list":{"0":"post-105806","1":"post","2":"type-post","3":"status-publish","4":"format-standard","5":"has-post-thumbnail","7":"category-musica","8":"tag-entertainment","9":"tag-entretenimento","10":"tag-music","11":"tag-musica","12":"tag-portugal","13":"tag-pt"},"share_on_mastodon":{"url":"","error":""},"_links":{"self":[{"href":"https:\/\/www.europesays.com\/pt\/wp-json\/wp\/v2\/posts\/105806","targetHints":{"allow":["GET"]}}],"collection":[{"href":"https:\/\/www.europesays.com\/pt\/wp-json\/wp\/v2\/posts"}],"about":[{"href":"https:\/\/www.europesays.com\/pt\/wp-json\/wp\/v2\/types\/post"}],"author":[{"embeddable":true,"href":"https:\/\/www.europesays.com\/pt\/wp-json\/wp\/v2\/users\/2"}],"replies":[{"embeddable":true,"href":"https:\/\/www.europesays.com\/pt\/wp-json\/wp\/v2\/comments?post=105806"}],"version-history":[{"count":0,"href":"https:\/\/www.europesays.com\/pt\/wp-json\/wp\/v2\/posts\/105806\/revisions"}],"wp:featuredmedia":[{"embeddable":true,"href":"https:\/\/www.europesays.com\/pt\/wp-json\/wp\/v2\/media\/105807"}],"wp:attachment":[{"href":"https:\/\/www.europesays.com\/pt\/wp-json\/wp\/v2\/media?parent=105806"}],"wp:term":[{"taxonomy":"category","embeddable":true,"href":"https:\/\/www.europesays.com\/pt\/wp-json\/wp\/v2\/categories?post=105806"},{"taxonomy":"post_tag","embeddable":true,"href":"https:\/\/www.europesays.com\/pt\/wp-json\/wp\/v2\/tags?post=105806"}],"curies":[{"name":"wp","href":"https:\/\/api.w.org\/{rel}","templated":true}]}}