{"id":105808,"date":"2025-10-11T01:56:21","date_gmt":"2025-10-11T01:56:21","guid":{"rendered":"https:\/\/www.europesays.com\/pt\/105808\/"},"modified":"2025-10-11T01:56:21","modified_gmt":"2025-10-11T01:56:21","slug":"fortaleza-realiza-novo-levantamento-para-medir-presenca-do-mosquito-aedes-aegypti","status":"publish","type":"post","link":"https:\/\/www.europesays.com\/pt\/105808\/","title":{"rendered":"Fortaleza realiza novo levantamento para medir presen\u00e7a do mosquito Aedes aegypti"},"content":{"rendered":"<p>A Prefeitura de Fortaleza, por meio da Secretaria Municipal da Sa\u00fade (SMS) realiza, entre os dias 13 e 17 de outubro, o 4\u00ba Levantamento de \u00cdndice R\u00e1pido de Aedes Aegypti (LIRAa) de 2025 em Fortaleza. A pesquisa mobiliza 885 Agentes de Combate \u00e0s Endemias (ACE) e abranger\u00e1 121 bairros da capital. O objetivo da a\u00e7\u00e3o \u00e9 identificar os tipos de criadouros predominantes e a distribui\u00e7\u00e3o espacial do mosquito transmissor da dengue, zika e chikungunya.<\/p>\n<p>O LIRAa \u00e9 uma ferramenta t\u00e9cnica que possibilita a obten\u00e7\u00e3o r\u00e1pida de indicadores que permitem o planejamento de a\u00e7\u00f5es estrat\u00e9gicas de controle do mosquito. Conforme orienta\u00e7\u00e3o do Governo Federal, s\u00e3o realizados quatro levantamentos por ano.<\/p>\n<p>Fortaleza j\u00e1 concluiu os tr\u00eas primeiros ciclos de 2025, alcan\u00e7ando \u00cdndices de Infesta\u00e7\u00e3o Predial (IIP) de 1,53%, 2,76% e 1,97%, respectivamente. O IIP classifica o risco de infesta\u00e7\u00e3o como baixo (3,9%).<\/p>\n<p>Segundo Josete Malheiro, coordenador de Vigil\u00e2ncia em Sa\u00fade da SMS, o levantamento do LIRAa, aliado a outras estrat\u00e9gias, tem sido essencial para direcionar as a\u00e7\u00f5es de preven\u00e7\u00e3o e manejo ambiental, com o objetivo de controlar o \u00edndice de infesta\u00e7\u00e3o, principalmente neste per\u00edodo do ano, que antecede o in\u00edcio da quadra chuvosa.<\/p>\n<p>\u201cO LIRAa \u00e9 uma ferramenta t\u00e9cnica e estrat\u00e9gica que nos permite identificar de modo eficaz os pontos cr\u00edticos onde est\u00e3o os focos do mosquito. Isso garante que o munic\u00edpio possa planejar, de forma antecipada, as interven\u00e7\u00f5es mais eficazes antes do per\u00edodo chuvoso\u201d, explica.<\/p>\n<p>Conforme o coordenador, embora n\u00e3o esteja no per\u00edodo chuvoso, ainda \u00e9 muito comum as fam\u00edlias acumularem \u00e1gua em pequenos e m\u00e9dios reservat\u00f3rios dentro de casa ou no quintal e nem sempre adequadamente cobertos, favorecendo a prolifera\u00e7\u00e3o do mosquito. Por isso, a import\u00e2ncia de manter a vigil\u00e2ncia e os cuidados preventivos.<\/p>\n<p>Durante a pesquisa, a colabora\u00e7\u00e3o da popula\u00e7\u00e3o que recebe os agentes de endemias nos domic\u00edlios contribui para a identifica\u00e7\u00e3o adequada dos criadouros e para o fortalecimento das a\u00e7\u00f5es de combate ao Aedes aegypti.<\/p>\n","protected":false},"excerpt":{"rendered":"A Prefeitura de Fortaleza, por meio da Secretaria Municipal da Sa\u00fade (SMS) realiza, entre os dias 13 e&hellip;\n","protected":false},"author":2,"featured_media":105809,"comment_status":"","ping_status":"","sticky":false,"template":"","format":"standard","meta":{"footnotes":""},"categories":[86],"tags":[1896,116,11480,32,1461,33,117],"class_list":{"0":"post-105808","1":"post","2":"type-post","3":"status-publish","4":"format-standard","5":"has-post-thumbnail","7":"category-saude","8":"tag-aedes-aegypti","9":"tag-health","10":"tag-liraa","11":"tag-portugal","12":"tag-prevencao","13":"tag-pt","14":"tag-saude"},"share_on_mastodon":{"url":"","error":""},"_links":{"self":[{"href":"https:\/\/www.europesays.com\/pt\/wp-json\/wp\/v2\/posts\/105808","targetHints":{"allow":["GET"]}}],"collection":[{"href":"https:\/\/www.europesays.com\/pt\/wp-json\/wp\/v2\/posts"}],"about":[{"href":"https:\/\/www.europesays.com\/pt\/wp-json\/wp\/v2\/types\/post"}],"author":[{"embeddable":true,"href":"https:\/\/www.europesays.com\/pt\/wp-json\/wp\/v2\/users\/2"}],"replies":[{"embeddable":true,"href":"https:\/\/www.europesays.com\/pt\/wp-json\/wp\/v2\/comments?post=105808"}],"version-history":[{"count":0,"href":"https:\/\/www.europesays.com\/pt\/wp-json\/wp\/v2\/posts\/105808\/revisions"}],"wp:featuredmedia":[{"embeddable":true,"href":"https:\/\/www.europesays.com\/pt\/wp-json\/wp\/v2\/media\/105809"}],"wp:attachment":[{"href":"https:\/\/www.europesays.com\/pt\/wp-json\/wp\/v2\/media?parent=105808"}],"wp:term":[{"taxonomy":"category","embeddable":true,"href":"https:\/\/www.europesays.com\/pt\/wp-json\/wp\/v2\/categories?post=105808"},{"taxonomy":"post_tag","embeddable":true,"href":"https:\/\/www.europesays.com\/pt\/wp-json\/wp\/v2\/tags?post=105808"}],"curies":[{"name":"wp","href":"https:\/\/api.w.org\/{rel}","templated":true}]}}