{"id":105810,"date":"2025-10-11T02:03:09","date_gmt":"2025-10-11T02:03:09","guid":{"rendered":"https:\/\/www.europesays.com\/pt\/105810\/"},"modified":"2025-10-11T02:03:09","modified_gmt":"2025-10-11T02:03:09","slug":"virginia-publica-buque-de-rosas-apos-pedido-de-desculpas-de-vini-jr","status":"publish","type":"post","link":"https:\/\/www.europesays.com\/pt\/105810\/","title":{"rendered":"Virginia publica buqu\u00ea de rosas ap\u00f3s pedido de desculpas de Vini Jr."},"content":{"rendered":"\n<p class=\" content-text__container \" data-track-category=\"Link no Texto\" data-track-links=\"\"> &#8220;A Virginia \u00e9 uma mulher incr\u00edvel, uma m\u00e3e admir\u00e1vel e algu\u00e9m por quem tenho um carinho e respeito enormes. Desde que nos conhecemos, ela foi tr\u00eas vezes a Madrid para me ver, deixando a rotina dela, os compromissos e a vida dela s\u00f3 para estar comigo. Conheci uma m\u00e3e admir\u00e1vel, uma parceira incr\u00edvel. Mesmo que ainda n\u00e3o f\u00f4ssemos oficialmente um casal, existia uma conex\u00e3o sincera. N\u00e3o tenho vergonha de assumir que me descuidei, n\u00e3o correspondi da melhor forma e a decepcionei.&#8221; <\/p>\n","protected":false},"excerpt":{"rendered":"&#8220;A Virginia \u00e9 uma mulher incr\u00edvel, uma m\u00e3e admir\u00e1vel e algu\u00e9m por quem tenho um carinho e respeito&hellip;\n","protected":false},"author":2,"featured_media":105811,"comment_status":"","ping_status":"","sticky":false,"template":"","format":"standard","meta":{"footnotes":""},"categories":[145],"tags":[211,210,114,115,32,33],"class_list":{"0":"post-105810","1":"post","2":"type-post","3":"status-publish","4":"format-standard","5":"has-post-thumbnail","7":"category-celebridades","8":"tag-celebridades","9":"tag-celebrities","10":"tag-entertainment","11":"tag-entretenimento","12":"tag-portugal","13":"tag-pt"},"share_on_mastodon":{"url":"","error":""},"_links":{"self":[{"href":"https:\/\/www.europesays.com\/pt\/wp-json\/wp\/v2\/posts\/105810","targetHints":{"allow":["GET"]}}],"collection":[{"href":"https:\/\/www.europesays.com\/pt\/wp-json\/wp\/v2\/posts"}],"about":[{"href":"https:\/\/www.europesays.com\/pt\/wp-json\/wp\/v2\/types\/post"}],"author":[{"embeddable":true,"href":"https:\/\/www.europesays.com\/pt\/wp-json\/wp\/v2\/users\/2"}],"replies":[{"embeddable":true,"href":"https:\/\/www.europesays.com\/pt\/wp-json\/wp\/v2\/comments?post=105810"}],"version-history":[{"count":0,"href":"https:\/\/www.europesays.com\/pt\/wp-json\/wp\/v2\/posts\/105810\/revisions"}],"wp:featuredmedia":[{"embeddable":true,"href":"https:\/\/www.europesays.com\/pt\/wp-json\/wp\/v2\/media\/105811"}],"wp:attachment":[{"href":"https:\/\/www.europesays.com\/pt\/wp-json\/wp\/v2\/media?parent=105810"}],"wp:term":[{"taxonomy":"category","embeddable":true,"href":"https:\/\/www.europesays.com\/pt\/wp-json\/wp\/v2\/categories?post=105810"},{"taxonomy":"post_tag","embeddable":true,"href":"https:\/\/www.europesays.com\/pt\/wp-json\/wp\/v2\/tags?post=105810"}],"curies":[{"name":"wp","href":"https:\/\/api.w.org\/{rel}","templated":true}]}}