{"id":105816,"date":"2025-10-11T02:10:22","date_gmt":"2025-10-11T02:10:22","guid":{"rendered":"https:\/\/www.europesays.com\/pt\/105816\/"},"modified":"2025-10-11T02:10:22","modified_gmt":"2025-10-11T02:10:22","slug":"farmaceutico-participe-da-consulta-publica-e-contribua-para-a-atualizacao-do-protocolo-clinico-e-diretrizes-terapeuticas-pcdt-da-doenca-pulmonar-obstrutiva-cronica-dpoc","status":"publish","type":"post","link":"https:\/\/www.europesays.com\/pt\/105816\/","title":{"rendered":"Farmac\u00eautico, participe da consulta p\u00fablica e contribua para a atualiza\u00e7\u00e3o do Protocolo Cl\u00ednico e Diretrizes Terap\u00eauticas (PCDT) da Doen\u00e7a Pulmonar Obstrutiva Cr\u00f4nica (DPOC)"},"content":{"rendered":"<p>Farmac\u00eautico, participe da consulta p\u00fablica e contribua para a atualiza\u00e7\u00e3o do Protocolo Cl\u00ednico e Diretrizes Terap\u00eauticas (PCDT) da Doen\u00e7a Pulmonar Obstrutiva Cr\u00f4nica (DPOC)<\/p>\n<p><img fetchpriority=\"high\" decoding=\"async\" width=\"819\" height=\"1024\" data-attachment-id=\"37789\" data-permalink=\"https:\/\/crfce.org.br\/2025\/10\/10\/farmaceutico-participe-da-consulta-publica-e-contribua-para-a-atualizacao-do-protocolo-clinico-e-diretrizes-terapeuticas-pcdt-da-doenca-pulmonar-obstrutiva-cronica-dpoc\/consulta-2\/\" data-orig-file=\"https:\/\/crfce.org.br\/wp-content\/uploads\/2025\/10\/Consulta.png\" data-orig-size=\"1080,1350\" data-comments-opened=\"1\" data-image-meta=\"{&quot;aperture&quot;:&quot;0&quot;,&quot;credit&quot;:&quot;&quot;,&quot;camera&quot;:&quot;&quot;,&quot;caption&quot;:&quot;&quot;,&quot;created_timestamp&quot;:&quot;0&quot;,&quot;copyright&quot;:&quot;&quot;,&quot;focal_length&quot;:&quot;0&quot;,&quot;iso&quot;:&quot;0&quot;,&quot;shutter_speed&quot;:&quot;0&quot;,&quot;title&quot;:&quot;&quot;,&quot;orientation&quot;:&quot;0&quot;}\" data-image-title=\"Consulta\" data-image-description=\"\" data-image-caption=\"\" data-medium-file=\"https:\/\/crfce.org.br\/wp-content\/uploads\/2025\/10\/Consulta-240x300.png\" data-large-file=\"https:\/\/www.europesays.com\/pt\/wp-content\/uploads\/2025\/10\/Consulta-819x1024.png\" src=\"data:image\/svg+xml,%3Csvg%20xmlns=\" http:=\"\" alt=\"\" class=\"wp-image-37789\" style=\"width:300px\" data-lazy- data-lazy- data-lazy-src=\"https:\/\/www.europesays.com\/pt\/wp-content\/uploads\/2025\/10\/Consulta-819x1024.png\"\/><\/p>\n<p>Est\u00e1 dispon\u00edvel a Consulta P\u00fablica n\u00ba 35\/2025, promovida pela Conitec\/Minist\u00e9rio da Sa\u00fade, para atualizar o Protocolo Cl\u00ednico e Diretrizes Terap\u00eauticas (PCDT) da Doen\u00e7a Pulmonar Obstrutiva Cr\u00f4nica (DPOC)<\/p>\n<p> Link para a Consulta P\u00fablica: <a href=\"https:\/\/www.gov.br\/participamaisbrasil\/consulta-publica-conitec-sectics-n-77-2025-pcdt-da-asma\" rel=\"nofollow noopener\" target=\"_blank\">https:\/\/www.gov.br\/participamaisbrasil\/consulta-publica-conitec-sectics-n-77-2025-pcdt-da-asma<\/a>\u00a0\u00a0<\/p>\n<p>Prazo para contribui\u00e7\u00f5es: at\u00e9 20\/10\/2025<\/p>\n<p>Isso pode mudar a vida de milhares de brasileiros!<\/p>\n<p><strong>A presente divulga\u00e7\u00e3o \u00e9 meramente informativa e faz parte da pol\u00edtica de fomento ao incentivo \u00e0 pesquisa.<\/strong><\/p>\n<p>Like this:<\/p>\n<p>Like Loading&#8230;<\/p>\n<p><a class=\"sd-link-color\"\/><\/p>\n<p>\n\tRelacionado<\/p>\n","protected":false},"excerpt":{"rendered":"Farmac\u00eautico, participe da consulta p\u00fablica e contribua para a atualiza\u00e7\u00e3o do Protocolo Cl\u00ednico e Diretrizes Terap\u00eauticas (PCDT) da&hellip;\n","protected":false},"author":2,"featured_media":105817,"comment_status":"","ping_status":"","sticky":false,"template":"","format":"standard","meta":{"footnotes":""},"categories":[86],"tags":[116,32,33,117],"class_list":{"0":"post-105816","1":"post","2":"type-post","3":"status-publish","4":"format-standard","5":"has-post-thumbnail","7":"category-saude","8":"tag-health","9":"tag-portugal","10":"tag-pt","11":"tag-saude"},"share_on_mastodon":{"url":"","error":""},"_links":{"self":[{"href":"https:\/\/www.europesays.com\/pt\/wp-json\/wp\/v2\/posts\/105816","targetHints":{"allow":["GET"]}}],"collection":[{"href":"https:\/\/www.europesays.com\/pt\/wp-json\/wp\/v2\/posts"}],"about":[{"href":"https:\/\/www.europesays.com\/pt\/wp-json\/wp\/v2\/types\/post"}],"author":[{"embeddable":true,"href":"https:\/\/www.europesays.com\/pt\/wp-json\/wp\/v2\/users\/2"}],"replies":[{"embeddable":true,"href":"https:\/\/www.europesays.com\/pt\/wp-json\/wp\/v2\/comments?post=105816"}],"version-history":[{"count":0,"href":"https:\/\/www.europesays.com\/pt\/wp-json\/wp\/v2\/posts\/105816\/revisions"}],"wp:featuredmedia":[{"embeddable":true,"href":"https:\/\/www.europesays.com\/pt\/wp-json\/wp\/v2\/media\/105817"}],"wp:attachment":[{"href":"https:\/\/www.europesays.com\/pt\/wp-json\/wp\/v2\/media?parent=105816"}],"wp:term":[{"taxonomy":"category","embeddable":true,"href":"https:\/\/www.europesays.com\/pt\/wp-json\/wp\/v2\/categories?post=105816"},{"taxonomy":"post_tag","embeddable":true,"href":"https:\/\/www.europesays.com\/pt\/wp-json\/wp\/v2\/tags?post=105816"}],"curies":[{"name":"wp","href":"https:\/\/api.w.org\/{rel}","templated":true}]}}